{"id":1800,"date":"2026-03-18T09:20:39","date_gmt":"2026-03-18T12:20:39","guid":{"rendered":"https:\/\/www.noticiasbrown.com\/?p=1800"},"modified":"2026-03-18T08:46:01","modified_gmt":"2026-03-18T11:46:01","slug":"axel-kicillof-durisimo-contra-javier-milei-nos-toco-el-presidente-mas-ignorante-y-sometido","status":"publish","type":"post","link":"https:\/\/www.noticiasbrown.com\/?p=1800","title":{"rendered":"Axel Kicillof dur\u00edsimo contra Javier Milei: &#8220;Nos toc\u00f3 el Presidente m\u00e1s ignorante y sometido&#8221;"},"content":{"rendered":"<div class=\"detail-header-wrapper\">\n<h4 class=\"ignore-parser\">El gobernador lanz\u00f3 en La Plata el CEDAF, con un &#8220;Manual de las 10 mentiras&#8221; del modelo libertario, al que calific\u00f3 de &#8220;corso a contramano&#8221;.<\/h4>\n<section class=\"detail-body first-paragraph\">\n<section id=\"note-body\" class=\"body-content note-body content-protected-false\" data-twitter-link=\"https:\/\/twitter.com\/intent\/tweet?url=https:\/\/www.minutouno.com\/c6257140&amp;v\u00eda=Ambitocom&amp;related=MinutoUno&amp;text=\">\n<p data-path-to-node=\"0\">En un acto con fuerte tono anal\u00edtico y cr\u00edtico, y en el que no escatim\u00f3 duros cuestionamientos al presidente<strong>\u00a0Javier Milei<\/strong>, el gobernador de la provincia de Buenos Aires,\u00a0<strong data-path-to-node=\"0\" data-index-in-node=\"62\">Axel Kicillof<\/strong>\u00a0, lanz\u00f3 este martes en La Plata el\u00a0<strong data-path-to-node=\"0\" data-index-in-node=\"131\">Centro de Estudios Derecho al Futuro (CEDAF)<\/strong>.<\/p>\n<\/section>\n<\/section>\n<section class=\"detail-body second-paragraph\">\n<section class=\"body-content note-body content-protected-false\">\n<p data-path-to-node=\"0\">Desde el Teatro Coliseo Podest\u00e1, el mandatario bonaerense present\u00f3 este laboratorio de ideas como el &#8220;semillero&#8221; de su proyecto presidencial, posicion\u00e1ndolo a la par de instituciones como el Instituto Patria o la Fundaci\u00f3n Pensar.<\/p>\n<div class=\"col-12 col-md-12 col-lg-8\">\n<section class=\"detail-body\">\n<section class=\"body-content note-body content-protected-false\">\n<p data-path-to-node=\"2\">El eje central del lanzamiento fue un documento que busca cuestionar las premisas econ\u00f3micas del Gobierno Nacional. Kicillof expuso durante m\u00e1s de una hora lo que denomin\u00f3 las\u00a0<strong data-path-to-node=\"2\" data-index-in-node=\"176\">&#8220;10 mentiras&#8221;<\/strong>\u00a0de la administraci\u00f3n de Javier Milei, enfoc\u00e1ndose en la ca\u00edda del consumo y la destrucci\u00f3n del empleo formal.<\/p>\n<\/section>\n<\/section>\n<section class=\"detail-body\">\n<section class=\"body-content note-body content-protected-false\">\n<figure id=\"8200551-Libre-1510849679_wrap\" class=\"embed_cont type_imagen\" contenteditable=\"false\">\n<div id=\"8200551-Libre-1510849679_content\" class=\"embed_content\"><img loading=\"lazy\" decoding=\"async\" id=\"8200551-Libre-1510849679_embed\" title=\"\" src=\"https:\/\/media.minutouno.com\/p\/8f37c3a7c77f5fc507b808c6bc1553e3\/adjuntos\/150\/imagenes\/043\/241\/0043241028\/610x0\/smart\/kicillof.jpg\" alt=\"\" width=\"610\" height=\"417\" crossorigin=\"anonymous\" \/><\/div><figcaption class=\"embed_wrapper-cont\">\n<div id=\"8200551-Libre-1510849679_epigrafe\" class=\"embed_epigrafe\"><\/div>\n<\/figcaption><\/figure>\n<p data-path-to-node=\"2\">\n<\/section>\n<\/section>\n<section class=\"detail-body\">\n<section class=\"body-content note-body content-protected-false\">\n<h2 data-path-to-node=\"3\">El &#8220;Manual de las 10 Mentiras&#8221;: la respuesta de Axel Kicillof al modelo Milei<\/h2>\n<ol>\n<li data-path-to-node=\"1,0,0\"><strong data-path-to-node=\"1,0,0\" data-index-in-node=\"0\">La econom\u00eda crece:<\/strong>\u00a0Kicillof sostiene que, lejos de un crecimiento explosivo, existe un\u00a0<strong data-path-to-node=\"1,0,0\" data-index-in-node=\"90\">estancamiento general<\/strong>\u00a0desde la llegada de Milei, con una &#8220;enorme heterogeneidad&#8221; donde unos pocos sectores compensan la destrucci\u00f3n de la mayor\u00eda.<\/li>\n<li data-path-to-node=\"1,1,0\"><strong data-path-to-node=\"1,1,0\" data-index-in-node=\"0\">La llegada de inversiones (RIGI):<\/strong>\u00a0El gobernador afirm\u00f3 que la inversi\u00f3n extranjera directa es\u00a0<strong data-path-to-node=\"1,1,0\" data-index-in-node=\"97\">negativa por primera vez en 20 a\u00f1os<\/strong>\u00a0y que es imposible que haya inversi\u00f3n real cuando las m\u00e1quinas existentes est\u00e1n en desuso.<\/li>\n<li data-path-to-node=\"1,1,0\"><strong data-path-to-node=\"1,2,0\" data-index-in-node=\"0\">El empleo crece:<\/strong>\u00a0Denunci\u00f3 que no hay crecimiento, sino una\u00a0<strong data-path-to-node=\"1,2,0\" data-index-in-node=\"62\">destrucci\u00f3n sistem\u00e1tica del empleo formal<\/strong>\u00a0(el que tiene mayor cobertura de derechos) y un proceso de desinversi\u00f3n masiva.<\/li>\n<li data-path-to-node=\"1,3,0\"><strong data-path-to-node=\"1,3,0\" data-index-in-node=\"0\">La baja de la pobreza:<\/strong>\u00a0Ironiz\u00f3 sobre la cifra de &#8220;15 millones de personas&#8221; que el Presidente dice haber sacado de la pobreza, se\u00f1alando que con\u00a0<strong data-path-to-node=\"1,3,0\" data-index-in-node=\"147\">ca\u00eddas salariales de hasta el 36%<\/strong>\u00a0en el sector p\u00fablico, la pobreza solo aumenta.<\/li>\n<li data-path-to-node=\"1,4,0\"><strong data-path-to-node=\"1,4,0\" data-index-in-node=\"0\">La inflaci\u00f3n est\u00e1 bajo control:<\/strong>\u00a0Advirti\u00f3 que el costo de vida subi\u00f3 m\u00e1s que los ingresos y que se &#8220;cancel\u00f3 el nuevo IPC&#8221; del INDEC para\u00a0<strong data-path-to-node=\"1,4,0\" data-index-in-node=\"139\">ocultar aumentos de m\u00e1s del 500%<\/strong>\u00a0en tarifas, transporte y alquileres.<\/li>\n<li data-path-to-node=\"1,4,0\"><strong data-path-to-node=\"1,5,0\" data-index-in-node=\"0\">La recuperaci\u00f3n salarial:<\/strong>\u00a0Asegur\u00f3 que los sueldos no est\u00e1n creciendo y que la realidad es que\u00a0<strong data-path-to-node=\"1,5,0\" data-index-in-node=\"97\">&#8220;la plata no alcanza&#8221;<\/strong>, obligando a las familias a endeudarse para cubrir gastos b\u00e1sicos.<\/li>\n<li data-path-to-node=\"1,6,0\"><strong data-path-to-node=\"1,6,0\" data-index-in-node=\"0\">El super\u00e1vit fiscal:<\/strong>\u00a0Lo calific\u00f3 de\u00a0<strong data-path-to-node=\"1,6,0\" data-index-in-node=\"39\">&#8220;super\u00e1vit trucho&#8221;<\/strong>\u00a0porque se logra &#8220;escondiendo los gastos abajo de la alfombra&#8221;, como el mantenimiento de rutas y el pago de deudas a las provincias.<\/li>\n<li data-path-to-node=\"1,7,0\"><strong data-path-to-node=\"1,7,0\" data-index-in-node=\"0\">La baja de la deuda:<\/strong>\u00a0Se\u00f1al\u00f3 que la deuda en realidad\u00a0<strong data-path-to-node=\"1,7,0\" data-index-in-node=\"56\">creci\u00f3 USD 36.615 millones<\/strong>\u00a0y que el pa\u00eds enfrenta vencimientos por USD 47.000 millones el pr\u00f3ximo a\u00f1o sin saber c\u00f3mo pagarlos.<\/li>\n<li data-path-to-node=\"1,8,0\"><strong data-path-to-node=\"1,8,0\" data-index-in-node=\"0\">La baja de impuestos:<\/strong>\u00a0Fue categ\u00f3rico al decir que las Pymes y los trabajadores\u00a0<strong data-path-to-node=\"1,8,0\" data-index-in-node=\"82\">no tuvieron ninguna reducci\u00f3n<\/strong>, mientras que los impuestos nacionales siguen representando el 80% de la carga total.<\/li>\n<li data-path-to-node=\"1,9,0\"><strong data-path-to-node=\"1,9,0\" data-index-in-node=\"0\">El ajuste lo pag\u00f3 la casta:<\/strong>\u00a0Sentenci\u00f3 que el recorte recay\u00f3 sobre\u00a0<strong data-path-to-node=\"1,9,0\" data-index-in-node=\"70\">jubilados, cient\u00edficos, docentes y m\u00e9dicos<\/strong>, mientras que los funcionarios viajan &#8220;campantes&#8221; en el avi\u00f3n oficial.<\/li>\n<\/ol>\n<h2><\/h2>\n<h2>Duras cr\u00edticas a la gesti\u00f3n econ\u00f3mica y al INDEC<\/h2>\n<p data-path-to-node=\"6\">Kicillof fue especialmente punzante al referirse a la inflaci\u00f3n y a las estad\u00edsticas oficiales. Denunci\u00f3 que el Gobierno &#8220;esconde los gastos abajo de la alfombra&#8221; para simular un super\u00e1vit y critic\u00f3 la reciente decisi\u00f3n de no aplicar el nuevo IPC tras la renuncia de Marco Lavagna.<\/p>\n<\/section>\n<\/section>\n<section class=\"detail-body\">\n<section class=\"body-content note-body content-protected-false\">\n<p data-path-to-node=\"6\"><strong data-path-to-node=\"6\" data-index-in-node=\"282\">&#8220;Cancelaron la medici\u00f3n para ocultar los aumentos en tarifas y transporte que superan el 500%&#8221;<\/strong>, sentenci\u00f3 el gobernador.<\/p>\n<p data-path-to-node=\"7\">Sobre el cierre, el gobernador calific\u00f3 al modelo de Milei como un\u00a0<strong data-path-to-node=\"7\" data-index-in-node=\"67\">&#8220;corso a contramano&#8221;<\/strong>\u00a0del mundo, acusando al Presidente de ser &#8220;ignorante y sometido&#8221; por abrir la econom\u00eda mientras el resto de las naciones protegen su producci\u00f3n propia.<\/p>\n<p data-path-to-node=\"7\">\u201c<strong>Es un corso a contramano<\/strong>, decirle a la Argentina que lo que hay que hacer es abrir toda la econom\u00eda, rematar las industrias nacionales, entregar trabajo nacional contra trabajo extranjero, va en la vereda opuesta de la discusi\u00f3n que se da en el mundo. Hoy todos los pa\u00edses est\u00e1n pensando c\u00f3mo generar trabajo y producci\u00f3n propia, c\u00f3mo ubicarse estrat\u00e9gicamente en un mundo que cambia, con qui\u00e9n asociarse<strong>\u00a0y a nosotros nos toc\u00f3 el Presidente m\u00e1s ignorante que nos pod\u00eda tocar, y m\u00e1s sometido<\/strong>\u201d, apunt\u00f3 el gobernador.<\/p>\n<div id=\"8200542-1983144530_wrap\" class=\"embed_cont type_video\" contenteditable=\"false\">\n<div id=\"8200542-1983144530_content\" class=\"embed_content\">\n<div id=\"8200542-1983144530_embed\">\n<div id=\"mediaPlayer_8200542-1983144530\"><iframe loading=\"lazy\" src=\"https:\/\/www.minutouno.com\/services\/embed.php?idAdjunto=8200542&amp;idAdjuntoTamano=0&amp;width=622&amp;height=351&amp;tipo=video\" width=\"622\" height=\"351\" frameborder=\"0\" scrolling=\"no\" allowfullscreen=\"allowfullscreen\" data-td-src-property=\"https:\/\/www.minutouno.com\/services\/embed.php?idAdjunto=8200542&amp;idAdjuntoTamano=0&amp;width=622&amp;height=351&amp;tipo=video\" data-mce-fragment=\"1\"><\/iframe><\/div>\n<\/div>\n<\/div>\n<div class=\"embed_wrapper-cont\">\n<div id=\"8200542-1983144530_epigrafe\" class=\"embed_epigrafe\"><\/div>\n<\/div>\n<\/div>\n<\/section>\n<\/section>\n<\/div>\n<div class=\"col-12 col-md-12 col-lg-4\">\n<section class=\"ranking-list\">\n<div class=\"row\">\n<div class=\"col-12\">\n<article class=\"article\">\n<div class=\"row align-items-center\">\n<div class=\"col-md col-lg-9\">\n<h2 class=\"title\"><\/h2>\n<\/div>\n<\/div>\n<\/article>\n<\/div>\n<\/div>\n<\/section>\n<\/div>\n<\/section>\n<\/section>\n<\/div>\n","protected":false},"excerpt":{"rendered":"<p>El gobernador lanz\u00f3 en La Plata el CEDAF, con un &#8220;Manual de las 10 mentiras&#8221;&#8230;<\/p>\n","protected":false},"author":1,"featured_media":1801,"comment_status":"closed","ping_status":"closed","sticky":false,"template":"","format":"standard","meta":{"_jetpack_memberships_contains_paid_content":false,"footnotes":"","jetpack_publicize_message":"","jetpack_publicize_feature_enabled":true,"jetpack_social_post_already_shared":true,"jetpack_social_options":{"image_generator_settings":{"template":"highway","default_image_id":0,"font":"","enabled":false},"version":2}},"categories":[3],"tags":[335,35,350],"class_list":["post-1800","post","type-post","status-publish","format-standard","has-post-thumbnail","hentry","category-politica","tag-axel-kicillof","tag-javier-milei","tag-la-plata"],"aioseo_notices":[],"jetpack_publicize_connections":[],"jetpack_featured_media_url":"https:\/\/www.noticiasbrown.com\/wp-content\/uploads\/2026\/03\/axel-kicillof.webp","jetpack_sharing_enabled":true,"_links":{"self":[{"href":"https:\/\/www.noticiasbrown.com\/index.php?rest_route=\/wp\/v2\/posts\/1800","targetHints":{"allow":["GET"]}}],"collection":[{"href":"https:\/\/www.noticiasbrown.com\/index.php?rest_route=\/wp\/v2\/posts"}],"about":[{"href":"https:\/\/www.noticiasbrown.com\/index.php?rest_route=\/wp\/v2\/types\/post"}],"author":[{"embeddable":true,"href":"https:\/\/www.noticiasbrown.com\/index.php?rest_route=\/wp\/v2\/users\/1"}],"replies":[{"embeddable":true,"href":"https:\/\/www.noticiasbrown.com\/index.php?rest_route=%2Fwp%2Fv2%2Fcomments&post=1800"}],"version-history":[{"count":1,"href":"https:\/\/www.noticiasbrown.com\/index.php?rest_route=\/wp\/v2\/posts\/1800\/revisions"}],"predecessor-version":[{"id":1802,"href":"https:\/\/www.noticiasbrown.com\/index.php?rest_route=\/wp\/v2\/posts\/1800\/revisions\/1802"}],"wp:featuredmedia":[{"embeddable":true,"href":"https:\/\/www.noticiasbrown.com\/index.php?rest_route=\/wp\/v2\/media\/1801"}],"wp:attachment":[{"href":"https:\/\/www.noticiasbrown.com\/index.php?rest_route=%2Fwp%2Fv2%2Fmedia&parent=1800"}],"wp:term":[{"taxonomy":"category","embeddable":true,"href":"https:\/\/www.noticiasbrown.com\/index.php?rest_route=%2Fwp%2Fv2%2Fcategories&post=1800"},{"taxonomy":"post_tag","embeddable":true,"href":"https:\/\/www.noticiasbrown.com\/index.php?rest_route=%2Fwp%2Fv2%2Ftags&post=1800"}],"curies":[{"name":"wp","href":"https:\/\/api.w.org\/{rel}","templated":true}]}}