{"id":1797,"date":"2026-03-18T09:00:51","date_gmt":"2026-03-18T12:00:51","guid":{"rendered":"https:\/\/www.noticiasbrown.com\/?p=1797"},"modified":"2026-03-18T08:43:31","modified_gmt":"2026-03-18T11:43:31","slug":"javier-milei-viaja-a-tucuman-pero-sin-tour-de-la-gratitud-ni-caminatas-los-motivos","status":"publish","type":"post","link":"https:\/\/www.noticiasbrown.com\/?p=1797","title":{"rendered":"Javier Milei viaja a Tucum\u00e1n pero sin &#8220;Tour de la Gratitud&#8221; ni caminatas: los motivos"},"content":{"rendered":"<div class=\"detail-header-wrapper\">\n<h4 class=\"ignore-parser\">Una serie de episodios en esa provincia contra dirigentes libertarios ponen en alerta al Gobierno Nacional, por lo que el Presidente no caminar\u00e1 por las calles.<\/h4>\n<section class=\"detail-body first-paragraph\">\n<section id=\"note-body\" class=\"body-content note-body content-protected-false\" data-twitter-link=\"https:\/\/twitter.com\/intent\/tweet?url=https:\/\/www.minutouno.com\/c6257205&amp;v\u00eda=Ambitocom&amp;related=MinutoUno&amp;text=\">\n<p data-path-to-node=\"0\">El presidente\u00a0<strong data-path-to-node=\"0\" data-index-in-node=\"27\">Javier Milei<\/strong>\u00a0viaja este jueves\u00a0<strong>Tucum\u00e1n<\/strong>, mientras el clima pol\u00edtico en la provincia se ha vuelto extremadamente hostil contra el Gobierno Nacional, que sigue de cerca una serie de incidentes contra referentes de\u00a0<strong data-path-to-node=\"0\" data-index-in-node=\"202\">La Libertad Avanza (LLA)<\/strong>\u00a0que han encendido las alarmas de seguridad y protocolo antes de las actividades previstas para este jueves.<\/p>\n<\/section>\n<\/section>\n<section class=\"detail-body second-paragraph\">\n<section class=\"body-content note-body content-protected-false\">\n<p data-mrf-recirculation=\"Article - Paragraph Links\">Tras las inundaciones que azotaron la provincia y en medio del esc\u00e1ndalo que involucra al jefe de Gabinete,\u00a0<strong>Manuel Adorni<\/strong>, por haber llevado a su esposa a Nueva York en el avi\u00f3n oficial Tango 01, el mandatario contin\u00faa con su &#8220;Tour de la Gratitud&#8221;, aunque solo para participar de un Foro.<\/p>\n<section class=\"detail-body\">\n<section class=\"body-content note-body content-protected-false\">\n<p data-mrf-recirculation=\"Article - Paragraph Links\">En principio, y debido a los recientes incidentes, la actividad oficial estar\u00eda reducida a la participaci\u00f3n de Milei como\u00a0<strong>principal orador en el Foro Econ\u00f3mico del NOA (FENOA)<\/strong>, que organiza la fundaci\u00f3n Federalismo y Libertad. La actividad se llevar\u00e1 a cabo en el Hotel Hilton Garden Inn, de 15.30 a 22, y contar\u00e1 entre sus disertantes con la senadora\u00a0<strong>Patricia Bullrich<\/strong>; el analista y consultor pol\u00edtico\u00a0<strong>Jorge Giacobbe<\/strong>; el CEO de Globlant,\u00a0<strong>Mart\u00edn Migoya<\/strong>, y el ex ministro del Interior,\u00a0<strong>Lisandro Catal\u00e1n<\/strong>.<\/p>\n<\/section>\n<\/section>\n<section class=\"detail-body\">\n<section class=\"body-content note-body content-protected-false\">\n<figure id=\"8199847-Libre-547443921_wrap\" class=\"embed_cont type_imagen\" contenteditable=\"false\">\n<div id=\"8199847-Libre-547443921_content\" class=\"embed_content\"><img loading=\"lazy\" decoding=\"async\" id=\"8199847-Libre-547443921_embed\" title=\"\" src=\"https:\/\/media.minutouno.com\/p\/23e414090d38f959a80481fa05699f83\/adjuntos\/150\/imagenes\/043\/237\/0043237256\/610x0\/893x342:913x362\/milei-bolsa-comercio-cordoba.jpg\" alt=\"\" width=\"610\" height=\"456\" data-td-src-property=\"https:\/\/media.minutouno.com\/p\/23e414090d38f959a80481fa05699f83\/adjuntos\/150\/imagenes\/043\/237\/0043237256\/610x0\/893x342:913x362\/milei-bolsa-comercio-cordoba.jpg\" \/><\/div><figcaption class=\"embed_wrapper-cont\">\n<div id=\"8199847-Libre-547443921_epigrafe\" class=\"embed_epigrafe\"><\/div>\n<\/figcaption><\/figure>\n<p data-mrf-recirculation=\"Article - Paragraph Links\">\n<\/section>\n<\/section>\n<section class=\"detail-body\">\n<section class=\"body-content note-body content-protected-false\">\n<h2 data-mrf-recirculation=\"Article - Paragraph Links\">Clima de tensi\u00f3n con La Libertad Avanza en Tucum\u00e1n<\/h2>\n<p data-mrf-recirculation=\"Article - Paragraph Links\">El hecho m\u00e1s reciente que sacudi\u00f3 al oficialismo fue la presentaci\u00f3n judicial del gobernador\u00a0<strong data-path-to-node=\"2\" data-index-in-node=\"93\">Osvaldo Jaldo<\/strong>\u00a0contra la diputada nacional\u00a0<strong data-path-to-node=\"2\" data-index-in-node=\"135\">Soledad Molinuevo<\/strong>. A trav\u00e9s de una medida cautelar, el mandatario provincial busca que la Justicia obligue a la legisladora a borrar publicaciones en redes sociales donde se le vincula con hechos de violencia locales, seg\u00fan la agencia\u00a0<em>Noticias Argentinas<\/em>.<\/p>\n<\/section>\n<\/section>\n<section class=\"detail-body\">\n<section class=\"body-content note-body content-protected-false\">\n<p data-path-to-node=\"3\">Desde el espacio libertario, la respuesta fue de absoluto asombro y rechazo. Referentes como\u00a0<strong data-path-to-node=\"3\" data-index-in-node=\"93\">Lisandro Catal\u00e1n<\/strong>\u00a0calificaron la maniobra como un atentado contra la libertad de expresi\u00f3n, y argumentan que un gobernador no puede avanzar con una cautelar de este tipo sobre un legislador nacional, quien cuenta con fueros y el derecho constitucional de manifestar sus opiniones.<\/p>\n<p data-path-to-node=\"5\">Este cruce judicial no es el \u00fanico foco de preocupaci\u00f3n. La semana pasada,\u00a0el legislador provincial Federico Pelli sufri\u00f3 una agresi\u00f3n f\u00edsica (un cabezazo) por parte de un empleado p\u00fablico\u00a0mientras coordinaba asistencia en una zona inundada. Estos episodios configuran un escenario de &#8220;m\u00e1xima tensi\u00f3n&#8221; para el desembarco presidencial.<\/p>\n<figure id=\"8198160-Libre-472848643_wrap\" class=\"embed_cont type_imagen\" contenteditable=\"false\">\n<div id=\"8198160-Libre-472848643_content\" class=\"embed_content\"><img loading=\"lazy\" decoding=\"async\" id=\"8198160-Libre-472848643_embed\" title=\"\" src=\"https:\/\/media.minutouno.com\/p\/1c2996533f15c67540a68fdd89d07244\/adjuntos\/150\/imagenes\/043\/227\/0043227628\/tucuman-cabezazo.jpg\" alt=\"\" width=\"610\" height=\"452\" data-td-src-property=\"https:\/\/media.minutouno.com\/p\/1c2996533f15c67540a68fdd89d07244\/adjuntos\/150\/imagenes\/043\/227\/0043227628\/tucuman-cabezazo.jpg\" \/><\/div><figcaption class=\"embed_wrapper-cont\">\n<div id=\"8198160-Libre-472848643_epigrafe\" class=\"embed_epigrafe\"><\/div>\n<\/figcaption><\/figure>\n<p data-path-to-node=\"5\">\n<h2>Cronograma de Javier Milei y el &#8220;Tour de la Gratitud&#8221;<\/h2>\n<p data-path-to-node=\"7\">A pesar del contexto, la agenda de Milei sigue firme, aunque con definiciones de &#8220;\u00faltimo momento&#8221; por razones de seguridad:<\/p>\n<ul>\n<li data-path-to-node=\"8,0,0\"><strong data-path-to-node=\"8,0,0\" data-index-in-node=\"0\">Foro Econ\u00f3mico del NOA (FENOA):<\/strong>\u00a0El Presidente ser\u00e1 el orador principal en el Hotel Hilton Garden Inn, compartiendo panel con figuras como\u00a0<strong data-path-to-node=\"8,0,0\" data-index-in-node=\"138\">Patricia Bullrich<\/strong>\u00a0y el CEO de Globant,\u00a0<strong data-path-to-node=\"8,0,0\" data-index-in-node=\"177\">Mart\u00edn Migoya<\/strong>.<\/li>\n<li data-path-to-node=\"8,1,0\"><strong data-path-to-node=\"8,1,0\" data-index-in-node=\"0\">Contacto con la gente:<\/strong>\u00a0Se planea una recorrida por las calles de la capital tucumana como parte de su gira de agradecimiento. Sin embargo, a diferencia de otras visitas, los movimientos exactos del mandatario se guardar\u00e1n bajo llave hasta minutos antes de realizarlos para evitar escraches o incidentes.<\/li>\n<\/ul>\n<\/section>\n<\/section>\n<\/section>\n<\/section>\n<\/div>\n","protected":false},"excerpt":{"rendered":"<p>Una serie de episodios en esa provincia contra dirigentes libertarios ponen en alerta al Gobierno&#8230;<\/p>\n","protected":false},"author":1,"featured_media":1798,"comment_status":"closed","ping_status":"closed","sticky":false,"template":"","format":"standard","meta":{"_jetpack_memberships_contains_paid_content":false,"footnotes":"","jetpack_publicize_message":"","jetpack_publicize_feature_enabled":true,"jetpack_social_post_already_shared":true,"jetpack_social_options":{"image_generator_settings":{"template":"highway","default_image_id":0,"font":"","enabled":false},"version":2}},"categories":[3],"tags":[35,136,349],"class_list":["post-1797","post","type-post","status-publish","format-standard","has-post-thumbnail","hentry","category-politica","tag-javier-milei","tag-la-libertad-avanza","tag-tucuman"],"aioseo_notices":[],"jetpack_publicize_connections":[],"jetpack_featured_media_url":"https:\/\/www.noticiasbrown.com\/wp-content\/uploads\/2026\/03\/javier-milei-viaje.webp","jetpack_sharing_enabled":true,"_links":{"self":[{"href":"https:\/\/www.noticiasbrown.com\/index.php?rest_route=\/wp\/v2\/posts\/1797","targetHints":{"allow":["GET"]}}],"collection":[{"href":"https:\/\/www.noticiasbrown.com\/index.php?rest_route=\/wp\/v2\/posts"}],"about":[{"href":"https:\/\/www.noticiasbrown.com\/index.php?rest_route=\/wp\/v2\/types\/post"}],"author":[{"embeddable":true,"href":"https:\/\/www.noticiasbrown.com\/index.php?rest_route=\/wp\/v2\/users\/1"}],"replies":[{"embeddable":true,"href":"https:\/\/www.noticiasbrown.com\/index.php?rest_route=%2Fwp%2Fv2%2Fcomments&post=1797"}],"version-history":[{"count":1,"href":"https:\/\/www.noticiasbrown.com\/index.php?rest_route=\/wp\/v2\/posts\/1797\/revisions"}],"predecessor-version":[{"id":1799,"href":"https:\/\/www.noticiasbrown.com\/index.php?rest_route=\/wp\/v2\/posts\/1797\/revisions\/1799"}],"wp:featuredmedia":[{"embeddable":true,"href":"https:\/\/www.noticiasbrown.com\/index.php?rest_route=\/wp\/v2\/media\/1798"}],"wp:attachment":[{"href":"https:\/\/www.noticiasbrown.com\/index.php?rest_route=%2Fwp%2Fv2%2Fmedia&parent=1797"}],"wp:term":[{"taxonomy":"category","embeddable":true,"href":"https:\/\/www.noticiasbrown.com\/index.php?rest_route=%2Fwp%2Fv2%2Fcategories&post=1797"},{"taxonomy":"post_tag","embeddable":true,"href":"https:\/\/www.noticiasbrown.com\/index.php?rest_route=%2Fwp%2Fv2%2Ftags&post=1797"}],"curies":[{"name":"wp","href":"https:\/\/api.w.org\/{rel}","templated":true}]}}