{"id":1793,"date":"2026-03-18T08:34:35","date_gmt":"2026-03-18T11:34:35","guid":{"rendered":"https:\/\/www.noticiasbrown.com\/?p=1793"},"modified":"2026-03-18T08:34:35","modified_gmt":"2026-03-18T11:34:35","slug":"quien-era-la-mujer-que-fue-asesinada-en-san-isidro-tras-un-ataque-sicario-por-un-auto-fallado","status":"publish","type":"post","link":"https:\/\/www.noticiasbrown.com\/?p=1793","title":{"rendered":"Qui\u00e9n era la mujer que fue asesinada en San Isidro tras un ataque sicario por un auto fallado"},"content":{"rendered":"<div class=\"detail-header-wrapper\">\n<h4 class=\"ignore-parser\">El hecho ocurri\u00f3 en la tarde de este lunes, en la localidad bonaerense de Beccar, como venganza por la venta de un veh\u00edculo de alta gama que ten\u00eda fallas.<\/h4>\n<section class=\"detail-body first-paragraph\">\n<section id=\"note-body\" class=\"body-content note-body content-protected-false\" data-twitter-link=\"https:\/\/twitter.com\/intent\/tweet?url=https:\/\/www.minutouno.com\/c6257070&amp;v\u00eda=Ambitocom&amp;related=MinutoUno&amp;text=\">\n<p data-path-to-node=\"2\">Un violento episodio sacudi\u00f3 la tarde del lunes en el partido bonaerense de San Isidro, cuando\u00a0<strong>un ataque presuntamente sicario termin\u00f3 con la vida de una mujer<\/strong>. El crimen ocurri\u00f3 en una vivienda situada en la calle Luis de Flores al 2200, en la localidad de Beccar.<\/p>\n<\/section>\n<\/section>\n<section class=\"detail-body second-paragraph\">\n<section class=\"body-content note-body content-protected-false\">\n<p data-path-to-node=\"2\">Toda la secuencia del ataque qued\u00f3 filmada por una c\u00e1mara de seguridad del barrio, material que ahora es clave para la investigaci\u00f3n.<\/p>\n<section class=\"detail-body\">\n<section class=\"body-content note-body content-protected-false\">\n<p data-path-to-node=\"2\">Cabe se\u00f1alar que el ataque estaba dirigido al hijo de la v\u00edctima de 53 a\u00f1os y estar\u00eda relacionado con<strong>\u00a0la venta de un auto BMW\u00a0<\/strong>que\u00a0<strong>ten\u00eda fallas.<\/strong><\/p>\n<\/section>\n<\/section>\n<section class=\"detail-body\">\n<section class=\"body-content note-body content-protected-false\">\n<div id=\"8200408-1646430631_wrap\" class=\"embed_cont type_video\" contenteditable=\"false\">\n<div id=\"8200408-1646430631_content\" class=\"embed_content\">\n<div id=\"8200408-1646430631_embed\">\n<div id=\"mediaPlayer_8200408-1646430631\"><iframe loading=\"lazy\" src=\"https:\/\/www.minutouno.com\/services\/embed.php?idAdjunto=8200408&amp;idAdjuntoTamano=0&amp;width=622&amp;height=351&amp;tipo=video\" width=\"622\" height=\"351\" frameborder=\"0\" scrolling=\"no\" allowfullscreen=\"allowfullscreen\" data-td-src-property=\"https:\/\/www.minutouno.com\/services\/embed.php?idAdjunto=8200408&amp;idAdjuntoTamano=0&amp;width=622&amp;height=351&amp;tipo=video\" data-mce-fragment=\"1\"><\/iframe><\/div>\n<\/div>\n<\/div>\n<div class=\"embed_wrapper-cont\">\n<div id=\"8200408-1646430631_epigrafe\" class=\"embed_epigrafe\"><\/div>\n<\/div>\n<\/div>\n<h2 data-path-to-node=\"2\">Qui\u00e9n era la v\u00edctima de un presunto ataque sicario en Beccar<\/h2>\n<p data-path-to-node=\"2\">La mujer asesinada fue identificada como\u00a0<strong data-path-to-node=\"2\" data-index-in-node=\"41\">Cecilia Iraola<\/strong>, de 53 a\u00f1os, quien trabajaba en la comercializaci\u00f3n de\u00a0<strong data-path-to-node=\"2\" data-index-in-node=\"111\">relojes y joyas de lujo<\/strong>. Seg\u00fan los avances de la investigaci\u00f3n, el ataque sicario no habr\u00eda tenido a Iraola como blanco original, sino a su\u00a0<strong data-path-to-node=\"2\" data-index-in-node=\"251\">hijo<\/strong>, quien se encontraba ausente al momento del violento episodio.<\/p>\n<\/section>\n<\/section>\n<section class=\"detail-body\">\n<section class=\"body-content note-body content-protected-false\">El conflicto se origin\u00f3 cuando el hijo de la v\u00edctima, identificado como\u00a0<strong>Mat\u00edas, de 27 a\u00f1os<\/strong>,\u00a0<strong>vendi\u00f3 un BMW a 10.000 d\u00f3lares<\/strong>. El auto present\u00f3\u00a0<strong>problemas mec\u00e1nicos<\/strong>\u00a0y entonces<strong>\u00a0el comprador insisti\u00f3 en que le devolviera el dinero\u00a0<\/strong>que hab\u00eda pagado.<\/p>\n<\/section>\n<\/section>\n<section class=\"detail-body\">\n<section class=\"body-content note-body content-protected-false\">Sin embargo, ante la falta de respuestas,<strong>\u00a0el comprador comenz\u00f3 a amenazar al joven\u00a0<\/strong>a tal punto que este decidi\u00f3 irse del pa\u00eds. Seg\u00fan precisaron fuentes policiales, hab\u00eda viajado a Costa Rica 48 horas antes de la balacera.<\/p>\n<p>De esta forma, los investigadores llegaron hasta el comprador del BMW: un hombre identificado como\u00a0<strong>Gustavo Ezequiel Arroyo, de 36 a\u00f1os,<\/strong>\u00a0se\u00f1alado como el presunto autor intelectual del homicidio. Posterior a lo sucedido, Arroyo fue arrestado en una vivienda del country Loma Verde, en Escobar.<\/p>\n<figure id=\"8200409-Libre-270732006_wrap\" class=\"embed_cont type_imagen\" contenteditable=\"false\">\n<div id=\"8200409-Libre-270732006_content\" class=\"embed_content\"><img loading=\"lazy\" decoding=\"async\" id=\"8200409-Libre-270732006_embed\" title=\"\" src=\"https:\/\/media.minutouno.com\/p\/d337699e3cc86fa69b29747bc2f3c66b\/adjuntos\/150\/imagenes\/043\/240\/0043240438\/610x0\/smart\/sicario-san-isidro.jpg\" alt=\"\" width=\"610\" height=\"925\" crossorigin=\"anonymous\" \/><\/div>\n<\/figure>\n<\/section>\n<\/section>\n<\/section>\n<\/section>\n<\/div>\n","protected":false},"excerpt":{"rendered":"<p>El hecho ocurri\u00f3 en la tarde de este lunes, en la localidad bonaerense de Beccar,&#8230;<\/p>\n","protected":false},"author":1,"featured_media":1794,"comment_status":"closed","ping_status":"closed","sticky":false,"template":"","format":"standard","meta":{"_jetpack_memberships_contains_paid_content":false,"footnotes":"","jetpack_publicize_message":"","jetpack_publicize_feature_enabled":true,"jetpack_social_post_already_shared":true,"jetpack_social_options":{"image_generator_settings":{"template":"highway","default_image_id":0,"font":"","enabled":false},"version":2}},"categories":[4],"tags":[348],"class_list":["post-1793","post","type-post","status-publish","format-standard","has-post-thumbnail","hentry","category-sociedad","tag-san-isidro"],"aioseo_notices":[],"jetpack_publicize_connections":[],"jetpack_featured_media_url":"https:\/\/www.noticiasbrown.com\/wp-content\/uploads\/2026\/03\/mujer-asesinada-san-isidro.webp","jetpack_sharing_enabled":true,"_links":{"self":[{"href":"https:\/\/www.noticiasbrown.com\/index.php?rest_route=\/wp\/v2\/posts\/1793","targetHints":{"allow":["GET"]}}],"collection":[{"href":"https:\/\/www.noticiasbrown.com\/index.php?rest_route=\/wp\/v2\/posts"}],"about":[{"href":"https:\/\/www.noticiasbrown.com\/index.php?rest_route=\/wp\/v2\/types\/post"}],"author":[{"embeddable":true,"href":"https:\/\/www.noticiasbrown.com\/index.php?rest_route=\/wp\/v2\/users\/1"}],"replies":[{"embeddable":true,"href":"https:\/\/www.noticiasbrown.com\/index.php?rest_route=%2Fwp%2Fv2%2Fcomments&post=1793"}],"version-history":[{"count":1,"href":"https:\/\/www.noticiasbrown.com\/index.php?rest_route=\/wp\/v2\/posts\/1793\/revisions"}],"predecessor-version":[{"id":1795,"href":"https:\/\/www.noticiasbrown.com\/index.php?rest_route=\/wp\/v2\/posts\/1793\/revisions\/1795"}],"wp:featuredmedia":[{"embeddable":true,"href":"https:\/\/www.noticiasbrown.com\/index.php?rest_route=\/wp\/v2\/media\/1794"}],"wp:attachment":[{"href":"https:\/\/www.noticiasbrown.com\/index.php?rest_route=%2Fwp%2Fv2%2Fmedia&parent=1793"}],"wp:term":[{"taxonomy":"category","embeddable":true,"href":"https:\/\/www.noticiasbrown.com\/index.php?rest_route=%2Fwp%2Fv2%2Fcategories&post=1793"},{"taxonomy":"post_tag","embeddable":true,"href":"https:\/\/www.noticiasbrown.com\/index.php?rest_route=%2Fwp%2Fv2%2Ftags&post=1793"}],"curies":[{"name":"wp","href":"https:\/\/api.w.org\/{rel}","templated":true}]}}