{"id":1789,"date":"2026-03-18T08:30:02","date_gmt":"2026-03-18T11:30:02","guid":{"rendered":"https:\/\/www.noticiasbrown.com\/?p=1789"},"modified":"2026-03-18T08:30:02","modified_gmt":"2026-03-18T11:30:02","slug":"foro-discapacidad-confirmo-un-nuevo-cese-de-actividades-ante-la-falta-de-respuestas-del-gobierno","status":"publish","type":"post","link":"https:\/\/www.noticiasbrown.com\/?p=1789","title":{"rendered":"Foro Discapacidad confirm\u00f3 un nuevo cese de actividades ante la falta de respuestas del Gobierno"},"content":{"rendered":"<div class=\"detail-header-wrapper\">\n<h4 class=\"ignore-parser\">Las organizaciones miembros del Foro volvieron a denunciar la cr\u00edtica situaci\u00f3n que atraviesa el sector, con deudas acumuladas y sin respuestas.<\/h4>\n<section class=\"detail-body first-paragraph\">\n<section id=\"note-body\" class=\"body-content note-body content-protected-false\" data-twitter-link=\"https:\/\/twitter.com\/intent\/tweet?url=https:\/\/www.minutouno.com\/c6257154&amp;v\u00eda=Ambitocom&amp;related=MinutoUno&amp;text=\">\n<p data-path-to-node=\"0\">El sector de la discapacidad en la Argentina entra en una fase de par\u00e1lisis cr\u00edtica, y el\u00a0<strong data-path-to-node=\"0\" data-index-in-node=\"85\">Foro Permanente para la Promoci\u00f3n y la Defensa de los Derechos de las Personas con Discapacidad<\/strong>\u00a0anunci\u00f3 un nuevo\u00a0<strong data-path-to-node=\"0\" data-index-in-node=\"198\">cese de actividades nacional<\/strong>\u00a0para este\u00a0<strong data-path-to-node=\"0\" data-index-in-node=\"237\">mi\u00e9rcoles 18 y jueves 19 de marzo<\/strong>, ante la falta de respuestas del Gobierno de Javier Milei por deudas acumuladas en las prestaciones b\u00e1sicas.<\/p>\n<\/section>\n<\/section>\n<section class=\"detail-body second-paragraph\">\n<section class=\"body-content note-body content-protected-false\">\n<p data-path-to-node=\"2\">La medida de fuerza es una continuaci\u00f3n del\u00a0<strong>plan de lucha iniciado el pasado viernes 13<\/strong>. Seg\u00fan la denuncia del Foro, el Gobierno no ha brindado soluciones a la mora sostenida que mantienen organismos clave como\u00a0<strong data-path-to-node=\"2\" data-index-in-node=\"234\">PAMI<\/strong>\u00a0e\u00a0<strong data-path-to-node=\"2\" data-index-in-node=\"241\">Incluir Salud<\/strong>, programa que presenta retrasos de varios meses en tr\u00e1mites de pago que nunca llegan a concretarse.<\/p>\n<section class=\"detail-body\">\n<section class=\"body-content note-body content-protected-false\">\n<p data-path-to-node=\"3,0\"><span id=\"saysCMSEmphasisfz88ku7tlmq\" class=\"saysCMSEmphasis\">&#8220;Esta situaci\u00f3n impacta directamente en la continuidad de los servicios y pone en riesgo la atenci\u00f3n de las personas con discapacidad, cuyos derechos se ven vulnerados por los incumplimientos del Estado&#8221;<\/span>, advirtieron desde la organizaci\u00f3n.<\/p>\n<\/section>\n<\/section>\n<section class=\"detail-body\">\n<section class=\"body-content note-body content-protected-false\">\n<figure id=\"8108993-Libre-1168073929_wrap\" class=\"embed_cont type_imagen\" contenteditable=\"false\">\n<div id=\"8108993-Libre-1168073929_content\" class=\"embed_content\"><img loading=\"lazy\" decoding=\"async\" id=\"8108993-Libre-1168073929_embed\" title=\"\" src=\"https:\/\/media.minutouno.com\/p\/1931d51b96063c3f0a3d1f563aafd9d9\/adjuntos\/150\/imagenes\/042\/644\/0042644354\/gendarmeria-y-la-policia-federal-empujan-familiares-personas-discapacidad.png\" alt=\"\" width=\"610\" height=\"457\" data-td-src-property=\"https:\/\/media.minutouno.com\/p\/1931d51b96063c3f0a3d1f563aafd9d9\/adjuntos\/150\/imagenes\/042\/644\/0042644354\/gendarmeria-y-la-policia-federal-empujan-familiares-personas-discapacidad.png\" \/><\/div><figcaption class=\"embed_wrapper-cont\">\n<div id=\"8108993-Libre-1168073929_epigrafe\" class=\"embed_epigrafe\"><\/div>\n<div id=\"8108993-Libre-1168073929_copyright\" class=\"embed_copyright\">Foro Permanente de Discapacidad<\/div>\n<\/figcaption><\/figure>\n<p data-path-to-node=\"3,0\">\n<\/section>\n<\/section>\n<section class=\"detail-body\">\n<section class=\"body-content note-body content-protected-false\">\n<h2>Cese de actividades en Discapacidad: alcance de la medida de fuerza y servicios afectados<\/h2>\n<p data-path-to-node=\"5\">Durante las 48 horas de protesta, se ver\u00e1 afectada la atenci\u00f3n en instituciones fundamentales de todo el pa\u00eds:<\/p>\n<\/section>\n<\/section>\n<section class=\"detail-body\">\n<section class=\"body-content note-body content-protected-false\">\n<ul>\n<li data-path-to-node=\"6,0,0\"><strong data-path-to-node=\"6,0,0\" data-index-in-node=\"0\">Educaci\u00f3n y Terapia:<\/strong>\u00a0Escuelas especiales, centros de d\u00eda y centros educativos terap\u00e9uticos.<\/li>\n<li data-path-to-node=\"6,1,0\"><strong data-path-to-node=\"6,1,0\" data-index-in-node=\"0\">Log\u00edstica:<\/strong>\u00a0Transportistas especializados que trasladan a los beneficiarios.<\/li>\n<li data-path-to-node=\"6,2,0\"><strong data-path-to-node=\"6,2,0\" data-index-in-node=\"0\">Salud:<\/strong>\u00a0Prestadores que brindan servicios a pensionados no contributivos dependientes del Ministerio de Salud.<\/li>\n<\/ul>\n<p data-path-to-node=\"7\">La comunidad de prestadores y familias exige una respuesta urgente del Gobierno Nacional que garantice el financiamiento del sistema. Advierten que, de no regularizarse los pagos, muchas instituciones se ver\u00e1n obligadas al cierre definitivo por la imposibilidad de afrontar costos operativos y salarios.<\/p>\n<p data-path-to-node=\"7\"><span id=\"saysCMSEmphasisqfp5g6fjup\" class=\"saysCMSEmphasis\">&#8220;Desde el Foro Permanente reiteramos la urgencia de una respuesta concreta por parte del Gobierno Nacional que garantice la continuidad de las prestaciones y el cumplimiento de los derechos de las personas con discapacidad&#8221;<\/span>, concluyeron desde el Foro.<\/p>\n<\/section>\n<\/section>\n<p data-path-to-node=\"2\">\n<\/section>\n<\/section>\n<\/div>\n","protected":false},"excerpt":{"rendered":"<p>Las organizaciones miembros del Foro volvieron a denunciar la cr\u00edtica situaci\u00f3n que atraviesa el sector,&#8230;<\/p>\n","protected":false},"author":1,"featured_media":1790,"comment_status":"closed","ping_status":"closed","sticky":false,"template":"","format":"standard","meta":{"_jetpack_memberships_contains_paid_content":false,"footnotes":"","jetpack_publicize_message":"","jetpack_publicize_feature_enabled":true,"jetpack_social_post_already_shared":true,"jetpack_social_options":{"image_generator_settings":{"template":"highway","default_image_id":0,"font":"","enabled":false},"version":2}},"categories":[4],"tags":[283,35,47],"class_list":["post-1789","post","type-post","status-publish","format-standard","has-post-thumbnail","hentry","category-sociedad","tag-discapacidad","tag-javier-milei","tag-salud"],"aioseo_notices":[],"jetpack_publicize_connections":[],"jetpack_featured_media_url":"https:\/\/www.noticiasbrown.com\/wp-content\/uploads\/2026\/03\/gendarmeria-y-la-policia-federal-empujan-a-familiares-de-personas-con-discapacidad4.webp","jetpack_sharing_enabled":true,"_links":{"self":[{"href":"https:\/\/www.noticiasbrown.com\/index.php?rest_route=\/wp\/v2\/posts\/1789","targetHints":{"allow":["GET"]}}],"collection":[{"href":"https:\/\/www.noticiasbrown.com\/index.php?rest_route=\/wp\/v2\/posts"}],"about":[{"href":"https:\/\/www.noticiasbrown.com\/index.php?rest_route=\/wp\/v2\/types\/post"}],"author":[{"embeddable":true,"href":"https:\/\/www.noticiasbrown.com\/index.php?rest_route=\/wp\/v2\/users\/1"}],"replies":[{"embeddable":true,"href":"https:\/\/www.noticiasbrown.com\/index.php?rest_route=%2Fwp%2Fv2%2Fcomments&post=1789"}],"version-history":[{"count":1,"href":"https:\/\/www.noticiasbrown.com\/index.php?rest_route=\/wp\/v2\/posts\/1789\/revisions"}],"predecessor-version":[{"id":1791,"href":"https:\/\/www.noticiasbrown.com\/index.php?rest_route=\/wp\/v2\/posts\/1789\/revisions\/1791"}],"wp:featuredmedia":[{"embeddable":true,"href":"https:\/\/www.noticiasbrown.com\/index.php?rest_route=\/wp\/v2\/media\/1790"}],"wp:attachment":[{"href":"https:\/\/www.noticiasbrown.com\/index.php?rest_route=%2Fwp%2Fv2%2Fmedia&parent=1789"}],"wp:term":[{"taxonomy":"category","embeddable":true,"href":"https:\/\/www.noticiasbrown.com\/index.php?rest_route=%2Fwp%2Fv2%2Fcategories&post=1789"},{"taxonomy":"post_tag","embeddable":true,"href":"https:\/\/www.noticiasbrown.com\/index.php?rest_route=%2Fwp%2Fv2%2Ftags&post=1789"}],"curies":[{"name":"wp","href":"https:\/\/api.w.org\/{rel}","templated":true}]}}