{"id":1730,"date":"2026-03-16T09:00:39","date_gmt":"2026-03-16T12:00:39","guid":{"rendered":"https:\/\/www.noticiasbrown.com\/?p=1730"},"modified":"2026-03-16T09:00:39","modified_gmt":"2026-03-16T12:00:39","slug":"mataron-a-un-docente-mientras-trabajaba-para-una-app-un-policia-detenido","status":"publish","type":"post","link":"https:\/\/www.noticiasbrown.com\/?p=1730","title":{"rendered":"Mataron a un docente mientras trabajaba para una app: un polic\u00eda detenido"},"content":{"rendered":"<div class=\"detail-header-wrapper\">\n<h3 class=\"ignore-parser\">Cristian Pereyra ten\u00eda 39 a\u00f1os y fue asesinado a balazos. Por el terrible crimen del docente detuvieron a su pasajero, un oficial de la Polic\u00eda Bonaerense.<\/h3>\n<section class=\"detail-body first-paragraph\">\n<section id=\"note-body\" class=\"body-content note-body content-protected-false\" data-twitter-link=\"https:\/\/twitter.com\/intent\/tweet?url=https:\/\/www.minutouno.com\/c6256373&amp;v\u00eda=Ambitocom&amp;related=MinutoUno&amp;text=\">\n<p data-path-to-node=\"4\">Cristian Pereyra, un\u00a0<strong>docente\u00a0<\/strong>de 39 a\u00f1os que trabajaba como chofer de una aplicaci\u00f3n para llegar a fin de mes, fue asesinado a balazos. El sospechoso detenido es un policia. Ocurri\u00f3 durante la noche del s\u00e1bado en la autopista Presidente Per\u00f3n, a la altura del barrio San Javier, en Virrey del Pino.<\/p>\n<\/section>\n<\/section>\n<section class=\"detail-body second-paragraph\">\n<section class=\"body-content note-body content-protected-false\">\n<p data-path-to-node=\"4\">La v\u00edctima, que manejaba un Chevrolet Corsa verde oscuro para la plataforma DiDi, recibi\u00f3 tres impactos de bala. Tras la recolecci\u00f3n de pruebas liderada por el fiscal Adri\u00e1n Arribas, de la Unidad Tem\u00e1tica de Homicidios, se solicit\u00f3 el inmediato arresto del pasajero que viajaba en el veh\u00edculo.<\/p>\n<section class=\"detail-body\">\n<section class=\"body-content note-body content-protected-false\">\n<h2 data-path-to-node=\"6\">Un\u00a0<strong data-path-to-node=\"6\" data-index-in-node=\"3\">polic\u00eda<\/strong>\u00a0de la UTOI, el principal sospechoso<\/h2>\n<p data-path-to-node=\"7\">El imputado por el asesinato fue identificado como Mat\u00edas Alejandro Vizgarra Riveros, de 23 a\u00f1os. El joven se desempe\u00f1aba en la Unidad T\u00e1ctica de Operaciones Inmediatas (UTOI) de la Polic\u00eda Bonaerense y fue desafectado de la instituci\u00f3n apenas se conoci\u00f3 su presunta implicancia.<\/p>\n<\/section>\n<\/section>\n<section class=\"detail-body\">\n<section class=\"body-content note-body content-protected-false\">\n<p data-path-to-node=\"8\">En la escena del ataque, los peritos secuestraron cinco vainas servidas de calibre 9 mil\u00edmetros. Un dato que agrava las sospechas es que el auto robado a la v\u00edctima apareci\u00f3 abandonado en Ciudad Evita, a escasas diez cuadras de la base operativa donde trabajaba el agente acusado.<\/p>\n<\/section>\n<\/section>\n<section class=\"detail-body\">\n<section class=\"body-content note-body content-protected-false\">\n<h2 data-path-to-node=\"9\">El dolor de la familia del\u00a0<strong data-path-to-node=\"9\" data-index-in-node=\"27\">docente<\/strong>\u00a0asesinado<\/h2>\n<figure id=\"8199677-Libre-831952664_wrap\" class=\"embed_cont type_imagen\" contenteditable=\"false\">\n<div id=\"8199677-Libre-831952664_content\" class=\"embed_content\"><img loading=\"lazy\" decoding=\"async\" id=\"8199677-Libre-831952664_embed\" title=\"\" src=\"https:\/\/media.minutouno.com\/p\/69c28fe508d456e46cea689796859d9d\/adjuntos\/150\/imagenes\/043\/235\/0043235962\/610x0\/smart\/image.png\" alt=\"\" width=\"610\" height=\"781\" data-td-src-property=\"https:\/\/media.minutouno.com\/p\/69c28fe508d456e46cea689796859d9d\/adjuntos\/150\/imagenes\/043\/235\/0043235962\/610x0\/smart\/image.png\" \/><\/div><figcaption class=\"embed_wrapper-cont\">\n<div id=\"8199677-Libre-831952664_epigrafe\" class=\"embed_epigrafe\"><\/div>\n<\/figcaption><\/figure>\n<p data-path-to-node=\"10\">Cristian daba clases diarias en las escuelas t\u00e9cnicas n\u00famero 8 y 10, y era padre de una peque\u00f1a nena que cumpli\u00f3 tres a\u00f1os a fines de 2025. El dolor por la brutal\u00a0<strong data-path-to-node=\"10\" data-index-in-node=\"163\">inseguridad<\/strong>\u00a0inund\u00f3 las redes sociales, donde sus familiares exigieron que el caso no quede impune.<\/p>\n<figure id=\"8199674-Libre-504658126_wrap\" class=\"embed_cont type_imagen\" contenteditable=\"false\">\n<div id=\"8199674-Libre-504658126_content\" class=\"embed_content\"><img loading=\"lazy\" decoding=\"async\" id=\"8199674-Libre-504658126_embed\" title=\"\" src=\"https:\/\/media.minutouno.com\/p\/fece932974ffe4678eb93461e35953ff\/adjuntos\/150\/imagenes\/043\/235\/0043235959\/610x0\/smart\/image.png\" alt=\"\" width=\"610\" height=\"563\" data-td-src-property=\"https:\/\/media.minutouno.com\/p\/fece932974ffe4678eb93461e35953ff\/adjuntos\/150\/imagenes\/043\/235\/0043235959\/610x0\/smart\/image.png\" \/><\/div><figcaption class=\"embed_wrapper-cont\">\n<div id=\"8199674-Libre-504658126_epigrafe\" class=\"embed_epigrafe\"><\/div>\n<\/figcaption><\/figure>\n<p data-path-to-node=\"11\">&#8220;A mi hermano lo mat\u00f3 un polic\u00eda que fue su pasajero. Lo mat\u00f3 y se fue a trabajar a la UTOI. La instituci\u00f3n que nos tiene que cuidar lo mat\u00f3&#8221;, denunci\u00f3 Anah\u00ed, hermana de la v\u00edctima, y advirti\u00f3 sobre el temor a un posible encubrimiento: &#8220;Los efectivos se van a cubrir entre ellos. Mi hermano hac\u00eda su extra en DiDi, el polic\u00eda robando y matando&#8221;.<\/p>\n<\/section>\n<\/section>\n<\/section>\n<\/section>\n<\/div>\n","protected":false},"excerpt":{"rendered":"<p>Cristian Pereyra ten\u00eda 39 a\u00f1os y fue asesinado a balazos. Por el terrible crimen del&#8230;<\/p>\n","protected":false},"author":1,"featured_media":1731,"comment_status":"closed","ping_status":"closed","sticky":false,"template":"","format":"standard","meta":{"_jetpack_memberships_contains_paid_content":false,"footnotes":"","jetpack_publicize_message":"","jetpack_publicize_feature_enabled":true,"jetpack_social_post_already_shared":true,"jetpack_social_options":{"image_generator_settings":{"template":"highway","default_image_id":0,"font":"","enabled":false},"version":2}},"categories":[4],"tags":[331,329,318,330],"class_list":["post-1730","post","type-post","status-publish","format-standard","has-post-thumbnail","hentry","category-sociedad","tag-camino-del-buen-ayre","tag-docente","tag-la-matanza","tag-policia-bonaerense"],"aioseo_notices":[],"jetpack_publicize_connections":[],"jetpack_featured_media_url":"https:\/\/www.noticiasbrown.com\/wp-content\/uploads\/2026\/03\/mataron-un-docente-mientras-trabajaba-una-app-un-policia-detenido.webp","jetpack_sharing_enabled":true,"_links":{"self":[{"href":"https:\/\/www.noticiasbrown.com\/index.php?rest_route=\/wp\/v2\/posts\/1730","targetHints":{"allow":["GET"]}}],"collection":[{"href":"https:\/\/www.noticiasbrown.com\/index.php?rest_route=\/wp\/v2\/posts"}],"about":[{"href":"https:\/\/www.noticiasbrown.com\/index.php?rest_route=\/wp\/v2\/types\/post"}],"author":[{"embeddable":true,"href":"https:\/\/www.noticiasbrown.com\/index.php?rest_route=\/wp\/v2\/users\/1"}],"replies":[{"embeddable":true,"href":"https:\/\/www.noticiasbrown.com\/index.php?rest_route=%2Fwp%2Fv2%2Fcomments&post=1730"}],"version-history":[{"count":1,"href":"https:\/\/www.noticiasbrown.com\/index.php?rest_route=\/wp\/v2\/posts\/1730\/revisions"}],"predecessor-version":[{"id":1732,"href":"https:\/\/www.noticiasbrown.com\/index.php?rest_route=\/wp\/v2\/posts\/1730\/revisions\/1732"}],"wp:featuredmedia":[{"embeddable":true,"href":"https:\/\/www.noticiasbrown.com\/index.php?rest_route=\/wp\/v2\/media\/1731"}],"wp:attachment":[{"href":"https:\/\/www.noticiasbrown.com\/index.php?rest_route=%2Fwp%2Fv2%2Fmedia&parent=1730"}],"wp:term":[{"taxonomy":"category","embeddable":true,"href":"https:\/\/www.noticiasbrown.com\/index.php?rest_route=%2Fwp%2Fv2%2Fcategories&post=1730"},{"taxonomy":"post_tag","embeddable":true,"href":"https:\/\/www.noticiasbrown.com\/index.php?rest_route=%2Fwp%2Fv2%2Ftags&post=1730"}],"curies":[{"name":"wp","href":"https:\/\/api.w.org\/{rel}","templated":true}]}}