{"id":1727,"date":"2026-03-16T08:57:10","date_gmt":"2026-03-16T11:57:10","guid":{"rendered":"https:\/\/www.noticiasbrown.com\/?p=1727"},"modified":"2026-03-16T08:57:10","modified_gmt":"2026-03-16T11:57:10","slug":"a-cuanto-aumenta-el-boleto-de-colectivos-hoy-en-el-amba","status":"publish","type":"post","link":"https:\/\/www.noticiasbrown.com\/?p=1727","title":{"rendered":"\u00bfA cu\u00e1nto aumenta el boleto de colectivos hoy en el AMBA?"},"content":{"rendered":"<div class=\"detail-header-wrapper\">\n<h3 class=\"ignore-parser\">A partir de este lunes, viajar en colectivos por el AMBA es m\u00e1s caro debido a un nuevo incremento del 7,6%. El boleto m\u00ednimo pasar\u00e1 a costar 700 pesos.<\/h3>\n<section class=\"detail-body first-paragraph\">\n<section id=\"note-body\" class=\"body-content note-body content-protected-false\" data-twitter-link=\"https:\/\/twitter.com\/intent\/tweet?url=https:\/\/www.minutouno.com\/c6256357&amp;v\u00eda=Ambitocom&amp;related=MinutoUno&amp;text=\">\n<p data-path-to-node=\"3\">Este lunes 16 de marzo entr\u00f3 en vigencia un nuevo cuadro tarifario para el transporte p\u00fablico. El pasaje de\u00a0<strong>colectivos\u00a0<\/strong>en el \u00c1rea Metropolitana de Buenos Aires sufri\u00f3 un incremento del 7,6%, afectando directamente a las 104 l\u00edneas de jurisdicci\u00f3n nacional que conectan la Capital con el conurbano.<\/p>\n<\/section>\n<\/section>\n<section class=\"detail-body second-paragraph\">\n<section class=\"body-content note-body content-protected-false\">\n<figure id=\"7903223-Libre-773586214_wrap\" class=\"embed_cont type_imagen\" contenteditable=\"false\">\n<div id=\"7903223-Libre-773586214_content\" class=\"embed_content\"><img loading=\"lazy\" decoding=\"async\" id=\"7903223-Libre-773586214_embed\" title=\"Transpote expandi\u00f3 el sistema \" src=\"https:\/\/media.minutouno.com\/p\/c2c174e9d534b080cd0ef21ea65cf0aa\/adjuntos\/150\/imagenes\/041\/429\/0041429822\/sube.jpg\" alt=\"Transpote expandi\u00f3 el sistema \" width=\"610\" height=\"413\" data-td-src-property=\"https:\/\/media.minutouno.com\/p\/c2c174e9d534b080cd0ef21ea65cf0aa\/adjuntos\/150\/imagenes\/041\/429\/0041429822\/sube.jpg\" \/><\/div><figcaption class=\"embed_wrapper-cont\">\n<div id=\"7903223-Libre-773586214_epigrafe\" class=\"embed_epigrafe\">\n<p>Transpote expandi\u00f3 el sistema &#8220;Carga a bordo&#8221; de la SUBE<\/p>\n<\/div>\n<\/figcaption><\/figure>\n<h2 data-path-to-node=\"4\">El nuevo cuadro tarifario para los\u00a0<strong data-path-to-node=\"4\" data-index-in-node=\"35\">colectivos<\/strong>\u00a0del AMBA<\/h2>\n<p data-path-to-node=\"5\">El ajuste aplicado por la Secretar\u00eda de Transporte eleva el boleto m\u00ednimo (para recorridos de entre 0 y 3 kil\u00f3metros) de los $650 anteriores a los actuales $700. Este aumento marca el cierre del esquema de subas del 41,46% estipulado por el Gobierno para reducir progresivamente el peso de los subsidios estatales.<\/p>\n<section class=\"detail-body\">\n<section class=\"body-content note-body content-protected-false\">\n<p data-path-to-node=\"6\">A continuaci\u00f3n, el detalle de las nuevas tarifas fijadas seg\u00fan la distancia del viaje:<\/p>\n<\/section>\n<\/section>\n<section class=\"detail-body\">\n<section class=\"body-content note-body content-protected-false\">\n<ul data-path-to-node=\"7\">\n<li>\n<p data-path-to-node=\"7,0,0\"><strong data-path-to-node=\"7,0,0\" data-index-in-node=\"0\">Tramo de 3 a 6 km:<\/strong>\u00a0$779,78.<\/p>\n<\/li>\n<li>\n<p data-path-to-node=\"7,1,0\"><strong data-path-to-node=\"7,1,0\" data-index-in-node=\"0\">Tramo de 6 a 12 km:<\/strong>\u00a0$839,86.<\/p>\n<\/li>\n<li>\n<p data-path-to-node=\"7,2,0\"><strong data-path-to-node=\"7,2,0\" data-index-in-node=\"0\">Viajes de 12 a 27 km:<\/strong>\u00a0$899,99.<\/p>\n<\/li>\n<li>\n<p data-path-to-node=\"7,3,0\"><strong data-path-to-node=\"7,3,0\" data-index-in-node=\"0\">Viajes de m\u00e1s de 27 km:<\/strong>\u00a0$959,71.<\/p>\n<\/li>\n<\/ul>\n<h2 data-path-to-node=\"8\">\u00bfQu\u00e9 pasa con la tarjeta\u00a0<strong data-path-to-node=\"8\" data-index-in-node=\"25\">SUBE<\/strong>\u00a0sin registrar y los descuentos?<\/h2>\n<p data-path-to-node=\"9\">Es importante recordar que aquellos pasajeros que viajen con una tarjeta SUBE que no est\u00e9 registrada a su nombre deber\u00e1n abonar una tarifa diferencial mucho m\u00e1s costosa, la cual oscila entre los $1.113 y los $1.525,94 dependiendo de la longitud del trayecto.<\/p>\n<\/section>\n<\/section>\n<section class=\"detail-body\">\n<section class=\"body-content note-body content-protected-false\">\n<p data-path-to-node=\"10\">Por otro lado, a pesar de estas actualizaciones mensuales atadas a la inflaci\u00f3n, las autoridades confirmaron que se mantendr\u00e1n vigentes los descuentos del 55% correspondientes a la Tarifa Social. Este beneficio aplica para jubilados, pensionados, trabajadores de casas particulares y beneficiarios de la Asignaci\u00f3n Universal por Hijo (AUH).<\/p>\n<\/section>\n<\/section>\n<\/section>\n<\/section>\n<\/div>\n","protected":false},"excerpt":{"rendered":"<p>A partir de este lunes, viajar en colectivos por el AMBA es m\u00e1s caro debido&#8230;<\/p>\n","protected":false},"author":1,"featured_media":1728,"comment_status":"closed","ping_status":"closed","sticky":false,"template":"","format":"standard","meta":{"_jetpack_memberships_contains_paid_content":false,"footnotes":"","jetpack_publicize_message":"","jetpack_publicize_feature_enabled":true,"jetpack_social_post_already_shared":true,"jetpack_social_options":{"image_generator_settings":{"template":"highway","default_image_id":0,"font":"","enabled":false},"version":2}},"categories":[4],"tags":[80,84,97],"class_list":["post-1727","post","type-post","status-publish","format-standard","has-post-thumbnail","hentry","category-sociedad","tag-amba","tag-colectivos","tag-transporte"],"aioseo_notices":[],"jetpack_publicize_connections":[],"jetpack_featured_media_url":"https:\/\/www.noticiasbrown.com\/wp-content\/uploads\/2026\/03\/a-cuanto-aumenta-el-boleto-colectivos-hoy-el-amba.webp","jetpack_sharing_enabled":true,"_links":{"self":[{"href":"https:\/\/www.noticiasbrown.com\/index.php?rest_route=\/wp\/v2\/posts\/1727","targetHints":{"allow":["GET"]}}],"collection":[{"href":"https:\/\/www.noticiasbrown.com\/index.php?rest_route=\/wp\/v2\/posts"}],"about":[{"href":"https:\/\/www.noticiasbrown.com\/index.php?rest_route=\/wp\/v2\/types\/post"}],"author":[{"embeddable":true,"href":"https:\/\/www.noticiasbrown.com\/index.php?rest_route=\/wp\/v2\/users\/1"}],"replies":[{"embeddable":true,"href":"https:\/\/www.noticiasbrown.com\/index.php?rest_route=%2Fwp%2Fv2%2Fcomments&post=1727"}],"version-history":[{"count":1,"href":"https:\/\/www.noticiasbrown.com\/index.php?rest_route=\/wp\/v2\/posts\/1727\/revisions"}],"predecessor-version":[{"id":1729,"href":"https:\/\/www.noticiasbrown.com\/index.php?rest_route=\/wp\/v2\/posts\/1727\/revisions\/1729"}],"wp:featuredmedia":[{"embeddable":true,"href":"https:\/\/www.noticiasbrown.com\/index.php?rest_route=\/wp\/v2\/media\/1728"}],"wp:attachment":[{"href":"https:\/\/www.noticiasbrown.com\/index.php?rest_route=%2Fwp%2Fv2%2Fmedia&parent=1727"}],"wp:term":[{"taxonomy":"category","embeddable":true,"href":"https:\/\/www.noticiasbrown.com\/index.php?rest_route=%2Fwp%2Fv2%2Fcategories&post=1727"},{"taxonomy":"post_tag","embeddable":true,"href":"https:\/\/www.noticiasbrown.com\/index.php?rest_route=%2Fwp%2Fv2%2Ftags&post=1727"}],"curies":[{"name":"wp","href":"https:\/\/api.w.org\/{rel}","templated":true}]}}