{"id":1724,"date":"2026-03-16T08:54:11","date_gmt":"2026-03-16T11:54:11","guid":{"rendered":"https:\/\/www.noticiasbrown.com\/?p=1724"},"modified":"2026-03-16T08:54:11","modified_gmt":"2026-03-16T11:54:11","slug":"mapa-en-vivo-del-tormenton-en-el-amba-a-que-hora-son-las-lluvias-fuertes","status":"publish","type":"post","link":"https:\/\/www.noticiasbrown.com\/?p=1724","title":{"rendered":"Mapa en vivo del torment\u00f3n en el AMBA: a qu\u00e9 hora son las lluvias fuertes"},"content":{"rendered":"<h3>El Servicio Meteorol\u00f3gico Nacional pronostica una jornada con lluvias y tormentas en Buenos Aires, que se mantendr\u00edan durante varias horas.<\/h3>\n<section class=\"detail-body first-paragraph\">\n<section id=\"note-body\" class=\"body-content note-body content-protected-false\" data-twitter-link=\"https:\/\/twitter.com\/intent\/tweet?url=https:\/\/www.minutouno.com\/c6256350&amp;v\u00eda=Ambitocom&amp;related=MinutoUno&amp;text=\">Luego de varias jornadas con\u00a0<strong>buenas condiciones del clima<\/strong>, este lunes regresar\u00edan las\u00a0<strong>lluvias y tormentas<\/strong>\u00a0al\u00a0<strong>\u00c1rea Metropolitana de Buenos Aires (AMBA)<\/strong>, a partir del ingreso de un frente fr\u00edo que luego har\u00eda bajar las temperaturas, seg\u00fan el informe de<strong>l Servicio Meteorol\u00f3gico Nacional (SMN)<\/strong>.<\/p>\n<\/section>\n<\/section>\n<section class=\"detail-body second-paragraph\">\n<section class=\"body-content note-body content-protected-false\">De acuerdo con el organismo nacional,\u00a0<strong>el regreso de la inestabilidad desde este lunes<\/strong>. La jornada se presenta con cielo parcialmente nublado en la madrugada y\u00a0<strong>probabilidad de chaparrones en la ma\u00f1ana y tormentas aisladas en la tarde<\/strong>, pero mejorando en la noche con cielo mayormente nublado; y acompa\u00f1ado de temperaturas de entre 22 y 29 grados.<\/p>\n<section class=\"detail-body\">\n<section class=\"body-content note-body content-protected-false\">El portal especializado Meteored estima que las precipitaciones lleguen en horas del mediod\u00eda, con &#8220;lluvia d\u00e9bil&#8221; a las 13 y tormentas a las 14.<\/p>\n<section class=\"detail-body\">\n<section class=\"body-content note-body content-protected-false\">En tanto, la peor jornada clim\u00e1tica de la semana, por ahora, ser\u00eda el\u00a0<strong>martes<\/strong>, con\u00a0<strong>probabilidad de tormentas aisladas, desde la madrugada y hasta la noche<\/strong>. Ya se empezar\u00e1 a sentir el descenso de las temperaturas, que rondar\u00e1n entre 22 y 26 grados.<\/p>\n<\/section>\n<\/section>\n<section class=\"detail-body\">\n<section class=\"body-content note-body content-protected-false\">&nbsp;<\/p>\n<\/section>\n<\/section>\n<section class=\"detail-body\">\n<section class=\"body-content note-body content-protected-false\">\n<h2>Mapa en vivo de las lluvias en el AMBA<\/h2>\n<p>Se puede seguir en vivo la tormenta, con lluvias fuertes, que azota al \u00c1rea Metropolitana de Buenos Aires a trav\u00e9s de la plataforma Windy.<\/p>\n<div id=\"embed99_wrap\" class=\"embed_cont type_freetext\" contenteditable=\"false\">\n<div id=\"embed99_content\" class=\"embed_content\">\n<div id=\"embed99_embed\"><iframe loading=\"lazy\" src=\"https:\/\/embed.windy.com\/embed.html?type=map&amp;location=coordinates&amp;metricRain=default&amp;metricTemp=default&amp;metricWind=default&amp;zoom=5&amp;overlay=wind&amp;product=ecmwf&amp;level=surface&amp;lat=-37.684&amp;lon=-52.163&amp;detailLat=-34.488&amp;detailLon=-58.447&amp;detail=true\" width=\"650\" height=\"450\" frameborder=\"0\" data-mce-fragment=\"1\"><\/iframe><\/div>\n<\/div>\n<div class=\"embed_wrapper-cont\"><\/div>\n<\/div>\n<h2>Cu\u00e1ndo mejora el clima en el AMBA<\/h2>\n<p>A partir del\u00a0<strong>mi\u00e9rcoles<\/strong>\u00a0se anticipan\u00a0<strong>buenas condiciones y con todav\u00eda temperaturas m\u00e1s bajas<\/strong>. La jornada tendr\u00eda cielo mayormente nublado en la madrugada y ma\u00f1ana, pasando a algo nublado en la tarde y noche; con una m\u00ednima de 13 grados y una m\u00e1xima de 26.<\/p>\n<p>Del mismo modo, el\u00a0<strong>jueves<\/strong>\u00a0se presentar\u00eda con cielo mayormente nublado en las primeras horas del d\u00eda, pasando a parcialmente nublado desde la tarde; con 15 grados de m\u00ednima y 26 de m\u00e1xima.<\/p>\n<p>Para cerrar la semana, el\u00a0<strong>viernes<\/strong>\u00a0tendr\u00eda cielo mayormente nublado, con marcas t\u00e9rmicas similares: una m\u00ednima estimada en 19 grado, y una m\u00e1xima que trepar\u00eda hasta los 25.<\/p>\n<\/section>\n<\/section>\n<\/section>\n<\/section>\n<\/section>\n<\/section>\n","protected":false},"excerpt":{"rendered":"<p>El Servicio Meteorol\u00f3gico Nacional pronostica una jornada con lluvias y tormentas en Buenos Aires, que&#8230;<\/p>\n","protected":false},"author":1,"featured_media":1725,"comment_status":"closed","ping_status":"closed","sticky":false,"template":"","format":"standard","meta":{"_jetpack_memberships_contains_paid_content":false,"footnotes":"","jetpack_publicize_message":"","jetpack_publicize_feature_enabled":true,"jetpack_social_post_already_shared":true,"jetpack_social_options":{"image_generator_settings":{"template":"highway","default_image_id":0,"font":"","enabled":false},"version":2}},"categories":[4],"tags":[23,31,20,18],"class_list":["post-1724","post","type-post","status-publish","format-standard","has-post-thumbnail","hentry","category-sociedad","tag-buenos-aires","tag-lluvias","tag-servicio-meteorologico-nacional","tag-tormentas"],"aioseo_notices":[],"jetpack_publicize_connections":[],"jetpack_featured_media_url":"https:\/\/www.noticiasbrown.com\/wp-content\/uploads\/2026\/03\/tomenta-y-calor.webp","jetpack_sharing_enabled":true,"_links":{"self":[{"href":"https:\/\/www.noticiasbrown.com\/index.php?rest_route=\/wp\/v2\/posts\/1724","targetHints":{"allow":["GET"]}}],"collection":[{"href":"https:\/\/www.noticiasbrown.com\/index.php?rest_route=\/wp\/v2\/posts"}],"about":[{"href":"https:\/\/www.noticiasbrown.com\/index.php?rest_route=\/wp\/v2\/types\/post"}],"author":[{"embeddable":true,"href":"https:\/\/www.noticiasbrown.com\/index.php?rest_route=\/wp\/v2\/users\/1"}],"replies":[{"embeddable":true,"href":"https:\/\/www.noticiasbrown.com\/index.php?rest_route=%2Fwp%2Fv2%2Fcomments&post=1724"}],"version-history":[{"count":1,"href":"https:\/\/www.noticiasbrown.com\/index.php?rest_route=\/wp\/v2\/posts\/1724\/revisions"}],"predecessor-version":[{"id":1726,"href":"https:\/\/www.noticiasbrown.com\/index.php?rest_route=\/wp\/v2\/posts\/1724\/revisions\/1726"}],"wp:featuredmedia":[{"embeddable":true,"href":"https:\/\/www.noticiasbrown.com\/index.php?rest_route=\/wp\/v2\/media\/1725"}],"wp:attachment":[{"href":"https:\/\/www.noticiasbrown.com\/index.php?rest_route=%2Fwp%2Fv2%2Fmedia&parent=1724"}],"wp:term":[{"taxonomy":"category","embeddable":true,"href":"https:\/\/www.noticiasbrown.com\/index.php?rest_route=%2Fwp%2Fv2%2Fcategories&post=1724"},{"taxonomy":"post_tag","embeddable":true,"href":"https:\/\/www.noticiasbrown.com\/index.php?rest_route=%2Fwp%2Fv2%2Ftags&post=1724"}],"curies":[{"name":"wp","href":"https:\/\/api.w.org\/{rel}","templated":true}]}}