{"id":1718,"date":"2026-03-13T10:20:48","date_gmt":"2026-03-13T13:20:48","guid":{"rendered":"https:\/\/www.noticiasbrown.com\/?p=1718"},"modified":"2026-03-13T09:04:28","modified_gmt":"2026-03-13T12:04:28","slug":"revelan-conversaciones-entre-javier-milei-y-mauricio-novelli-antes-y-despues-del-lanzamiento-de-libra","status":"publish","type":"post","link":"https:\/\/www.noticiasbrown.com\/?p=1718","title":{"rendered":"Revelan conversaciones entre Javier Milei y Mauricio Novelli antes y despu\u00e9s del lanzamiento de #LIBRA"},"content":{"rendered":"<div class=\"detail-header-wrapper\">\n<h3 class=\"ignore-parser\">Minutos antes y despu\u00e9s de que el Presidente promocionara el token que deriv\u00f3 en una enorme estafa global, se comunic\u00f3 telef\u00f3nicamente con el trader que lo invent\u00f3, seg\u00fan se revela en el expediente judicial del caso.<\/h3>\n<section class=\"detail-body first-paragraph\">\n<section id=\"note-body\" class=\"body-content note-body content-protected-false\" data-twitter-link=\"https:\/\/twitter.com\/intent\/tweet?url=https:\/\/www.minutouno.com\/c6255534&amp;v\u00eda=Ambitocom&amp;related=MinutoUno&amp;text=\">Las pericias al tel\u00e9fono del trader\u00a0<strong>Mauricio Novelli, el empresario detr\u00e1s del lanzamiento de la criptomoneda $Libra, revelaron que llam\u00f3 al menos cinco veces a Javier Milei en los minutos previos<\/strong>\u00a0a que el Presidente promocionara el token mediante un posteo en X.<\/section>\n<\/section>\n<section class=\"detail-body second-paragraph\">\n<section class=\"body-content note-body content-protected-false\">Esas llamadas demostrar\u00edan, a priori, que exist\u00eda un conocimiento previo por parte del mandatario y una\u00a0<strong>estrategia coordinada detr\u00e1s de la maniobra que termin\u00f3 en una escandalosa estafa a miles de inversores<\/strong>.<\/p>\n<section class=\"detail-body\">\n<section class=\"body-content note-body content-protected-false\">La revelaci\u00f3n surge de documentos anexos a la causa judicial, que brindan informaci\u00f3n detallada sobre el contenido del tel\u00e9fono de Novelli.\u00a0<strong>&#8220;Es la persona que, se sospecha, habr\u00eda convocado al Presidente a publicar el posteo del 14 de febrero del a\u00f1o pasado&#8221;<\/strong>, explic\u00f3 el periodista Ariel Zak por la se\u00f1al de noticias\u00a0<em>C5N<\/em>.<\/section>\n<\/section>\n<section class=\"detail-body\">\n<section class=\"body-content note-body content-protected-false\">&#8220;Ese 14 de febrero,\u00a0<strong>cerca de las 19.01, horario en que Milei poste\u00f3, habr\u00edan existido numerosas comunicaciones del tel\u00e9fono de Novelli al tel\u00e9fono de Milei, una detr\u00e1s de la otra<\/strong>. Habr\u00eda al menos cinco comunicaciones antes de las 19.01&#8243;, detall\u00f3 sobre el momento exacto en el que el mandatario public\u00f3 el c\u00f3digo para acceder a la compra del token.<\/section>\n<\/section>\n<section class=\"detail-body\">\n<section class=\"body-content note-body content-protected-false\">\n<figure id=\"8198796-Libre-1715364431_wrap\" class=\"embed_cont type_imagen\" contenteditable=\"false\">\n<div id=\"8198796-Libre-1715364431_content\" class=\"embed_content\"><img loading=\"lazy\" decoding=\"async\" id=\"8198796-Libre-1715364431_embed\" title=\"\" src=\"https:\/\/media.minutouno.com\/p\/9b958d801586914e39636cd3778fb23c\/adjuntos\/150\/imagenes\/043\/231\/0043231321\/610x0\/smart\/tuit-milei-libra.jpg\" alt=\"\" width=\"610\" height=\"718\" data-td-src-property=\"https:\/\/media.minutouno.com\/p\/9b958d801586914e39636cd3778fb23c\/adjuntos\/150\/imagenes\/043\/231\/0043231321\/610x0\/smart\/tuit-milei-libra.jpg\" \/><\/div><figcaption class=\"embed_wrapper-cont\">\n<div id=\"8198796-Libre-1715364431_epigrafe\" class=\"embed_epigrafe\"><\/div>\n<\/figcaption><\/figure>\n<p>&#8220;Hay un momento en que se interrumpen las conversaciones;\u00a0<strong>tiempo despu\u00e9s se retoman, y habr\u00eda all\u00ed comunicaciones desde el tel\u00e9fono presidencial hacia el tel\u00e9fono de Novelli<\/strong>. Se habr\u00eda producido tambi\u00e9n una conversaci\u00f3n entre Novelli y Julian Peh (CEO de Kip Protocol), y en el medio podr\u00eda haber tambi\u00e9n comunicaciones con la secretaria de la Presidencia, Karina Milei&#8221;, agreg\u00f3 Zak.<\/p>\n<\/section>\n<\/section>\n<section class=\"detail-body\">\n<section class=\"body-content note-body content-protected-false\">\n<h2>Las cajas fuertes que Novelli vaci\u00f3<\/h2>\n<figure id=\"8198794-Libre-1227334583_wrap\" class=\"embed_cont type_imagen\" contenteditable=\"false\">\n<div id=\"8198794-Libre-1227334583_content\" class=\"embed_content\"><img loading=\"lazy\" decoding=\"async\" id=\"8198794-Libre-1227334583_embed\" title=\"Imagen generada por inteligencia artificial (IA).\" src=\"https:\/\/media.minutouno.com\/p\/c8612884b86489db82ae81931b194028\/adjuntos\/150\/imagenes\/043\/231\/0043231319\/610x0\/smart\/causa-judicial-milei-caso-libra-ia.jpg\" alt=\"Imagen generada por inteligencia artificial (IA).\" width=\"610\" height=\"381\" data-td-src-property=\"https:\/\/media.minutouno.com\/p\/c8612884b86489db82ae81931b194028\/adjuntos\/150\/imagenes\/043\/231\/0043231319\/610x0\/smart\/causa-judicial-milei-caso-libra-ia.jpg\" \/><\/div><figcaption class=\"embed_wrapper-cont\">\n<div id=\"8198794-Libre-1227334583_epigrafe\" class=\"embed_epigrafe\">\n<p>Imagen generada por inteligencia artificial (IA).<\/p>\n<\/div>\n<\/figcaption><\/figure>\n<p>La informaci\u00f3n resulta de vital importancia si se tiene en cuenta el antecedente de las cajas de seguridad de Novelli. El 4 de febrero,\u00a0<strong>poco antes de su partida hacia los Estados Unidos, Novelli habilit\u00f3 dos cofres en la sucursal del Banco Galicia<\/strong>\u00a0de la localidad de Mart\u00ednez.<\/p>\n<p>Diez d\u00edas despu\u00e9s, el 14 de febrero,\u00a0<strong>Milei difundi\u00f3 el acceso a la criptomoneda $Libra a trav\u00e9s de sus redes sociales y apenas horas despu\u00e9s de este anuncio, el token sufri\u00f3 un desplome total<\/strong>\u00a0que afect\u00f3 a un universo de 40 mil inversores.<\/p>\n<p>Tras el regreso de Novelli al pa\u00eds,\u00a0<strong>el 16 de febrero, su madre y su hermana asistieron a la entidad bancaria para retirar el contenido de las cajas de seguridad<\/strong>. Los registros f\u00edlmicos muestran a Alicia Rafele y Mar\u00eda P\u00eda Novelli, madre y hermana del principal investigado, en el momento preciso del retiro de valores.<\/p>\n<p>Esta acci\u00f3n coordinada ocurri\u00f3 de forma inmediatamente posterior al lanzamiento y derrumbe financiero del activo digital promocionado por Milei. Fue entonces que<strong>\u00a0la jueza Mar\u00eda Servini orden\u00f3 allanamientos urgentes sobre dichos dep\u00f3sitos, pero los agentes judiciales encontraron las cajas vac\u00edas<\/strong>.<\/p>\n<p>Las pericias al celular de Novelli arrojaron tambi\u00e9n que el 20 de febrero, cuatro d\u00edas despu\u00e9s de que el trader regresara a la Argentina, se produjo\u00a0<strong>una comunicaci\u00f3n por WhatsApp con su socio, Manuel Terrones Godoy, en la que le dijo: &#8220;Llevo eso para all\u00e1, pero borr\u00e1&#8221;<\/strong>.<\/p>\n<div id=\"embed7923_wrap\" class=\"embed_cont type_freetext\" contenteditable=\"false\" data-provider=\"YouTube\">\n<div id=\"embed7923_content\" class=\"embed_content\">\n<div id=\"embed7923_embed\"><iframe loading=\"lazy\" title=\"Caso $LIBRA: hubo al menos 5 llamadas entre NOVELLI y MILEI antes del tuit del Presidente\" src=\"https:\/\/www.youtube.com\/embed\/tOPDyvZYX94?feature=oembed\" width=\"610\" height=\"345\" frameborder=\"0\" allowfullscreen=\"allowfullscreen\" data-td-src-property=\"https:\/\/www.youtube.com\/embed\/tOPDyvZYX94?feature=oembed\" data-mce-fragment=\"1\"><span data-mce-type=\"bookmark\" style=\"display: inline-block; width: 0px; overflow: hidden; line-height: 0;\" class=\"mce_SELRES_start\">\ufeff<\/span><\/iframe><\/div>\n<\/div>\n<\/div>\n<\/section>\n<\/section>\n<\/section>\n<\/section>\n<\/div>\n","protected":false},"excerpt":{"rendered":"<p>Minutos antes y despu\u00e9s de que el Presidente promocionara el token que deriv\u00f3 en una&#8230;<\/p>\n","protected":false},"author":1,"featured_media":0,"comment_status":"closed","ping_status":"closed","sticky":false,"template":"","format":"standard","meta":{"_jetpack_memberships_contains_paid_content":false,"footnotes":"","jetpack_publicize_message":"","jetpack_publicize_feature_enabled":true,"jetpack_social_post_already_shared":true,"jetpack_social_options":{"image_generator_settings":{"template":"highway","default_image_id":0,"font":"","enabled":false},"version":2}},"categories":[3],"tags":[188,35,60],"class_list":["post-1718","post","type-post","status-publish","format-standard","hentry","category-politica","tag-estafa","tag-javier-milei","tag-justicia"],"aioseo_notices":[],"jetpack_publicize_connections":[],"jetpack_featured_media_url":"","jetpack_sharing_enabled":true,"_links":{"self":[{"href":"https:\/\/www.noticiasbrown.com\/index.php?rest_route=\/wp\/v2\/posts\/1718","targetHints":{"allow":["GET"]}}],"collection":[{"href":"https:\/\/www.noticiasbrown.com\/index.php?rest_route=\/wp\/v2\/posts"}],"about":[{"href":"https:\/\/www.noticiasbrown.com\/index.php?rest_route=\/wp\/v2\/types\/post"}],"author":[{"embeddable":true,"href":"https:\/\/www.noticiasbrown.com\/index.php?rest_route=\/wp\/v2\/users\/1"}],"replies":[{"embeddable":true,"href":"https:\/\/www.noticiasbrown.com\/index.php?rest_route=%2Fwp%2Fv2%2Fcomments&post=1718"}],"version-history":[{"count":1,"href":"https:\/\/www.noticiasbrown.com\/index.php?rest_route=\/wp\/v2\/posts\/1718\/revisions"}],"predecessor-version":[{"id":1720,"href":"https:\/\/www.noticiasbrown.com\/index.php?rest_route=\/wp\/v2\/posts\/1718\/revisions\/1720"}],"wp:attachment":[{"href":"https:\/\/www.noticiasbrown.com\/index.php?rest_route=%2Fwp%2Fv2%2Fmedia&parent=1718"}],"wp:term":[{"taxonomy":"category","embeddable":true,"href":"https:\/\/www.noticiasbrown.com\/index.php?rest_route=%2Fwp%2Fv2%2Fcategories&post=1718"},{"taxonomy":"post_tag","embeddable":true,"href":"https:\/\/www.noticiasbrown.com\/index.php?rest_route=%2Fwp%2Fv2%2Ftags&post=1718"}],"curies":[{"name":"wp","href":"https:\/\/api.w.org\/{rel}","templated":true}]}}