{"id":1715,"date":"2026-03-13T10:00:55","date_gmt":"2026-03-13T13:00:55","guid":{"rendered":"https:\/\/www.noticiasbrown.com\/?p=1715"},"modified":"2026-03-13T08:58:27","modified_gmt":"2026-03-13T11:58:27","slug":"nueva-version-a-manuel-adorni-le-parece-injusto-tener-que-explicar-el-vuelo-privado-y-desmintio-a-su-amigo","status":"publish","type":"post","link":"https:\/\/www.noticiasbrown.com\/?p=1715","title":{"rendered":"Nueva versi\u00f3n: a Manuel Adorni le parece &#8220;injusto&#8221; tener que explicar el vuelo privado y desminti\u00f3 a su amigo"},"content":{"rendered":"<div class=\"detail-header-wrapper\">\n<h3 class=\"ignore-parser\">Luis Majul ofici\u00f3 de &#8220;vocero&#8221; del jefe de Gabinete, quien volvi\u00f3 a cambiar de versi\u00f3n respecto al millonario y escandaloso viaje a Punta del Este.<\/h3>\n<section class=\"detail-body first-paragraph\">\n<section id=\"note-body\" class=\"body-content note-body content-protected-false\" data-twitter-link=\"https:\/\/twitter.com\/intent\/tweet?url=https:\/\/www.minutouno.com\/c6255513&amp;v\u00eda=Ambitocom&amp;related=MinutoUno&amp;text=\">Pese al apoyo tuitero de<strong>\u00a0Javier Milei<\/strong>, no caben dudas de que el jefe de Gabinete,\u00a0<strong>Manuel Adorni<\/strong>, atraviesa su peor momento pol\u00edtico desde su llegada al Gobierno, y mientras\u00a0se mantiene en Nueva York\u00a0sin aparente agenda oficial, brind\u00f3 un nuevo descargo a trav\u00e9s de\u00a0<strong>Luis Majul<\/strong>\u00a0para dar otra versi\u00f3n sobre el vuelo privado a Punta del Este y quejarse por tener que dar explicaciones.<\/p>\n<\/section>\n<\/section>\n<section class=\"detail-body second-paragraph\">\n<section class=\"body-content note-body content-protected-false\">El funcionario qued\u00f3 en el ojo de la tormenta luego que se revelara que incluy\u00f3 a su esposa,\u00a0<strong>Bettina Angeletti<\/strong>, en la comitiva oficial que viaj\u00f3 en el avi\u00f3n presidencial hacia la &#8220;Gran Manzana&#8221;, y al momento de tener que dar explicaciones, argument\u00f3 estar &#8220;deslom\u00e1ndose&#8221; en dicha gira. Luego se conoci\u00f3 un millonario vuelo privado a Punta del Este que agrav\u00f3 su situaci\u00f3n.<\/p>\n<section class=\"detail-body\">\n<section class=\"body-content note-body content-protected-false\">A modo de vocero oficial,\u00a0<strong>Majul ley\u00f3 un mensaje que le envi\u00f3 el funcionario desde Estados Unidos<\/strong>. El conductor se encarg\u00f3 de advertir que considera que su interlocutor debe dar explicaciones sobre el viaje a Uruguay.<\/p>\n<\/section>\n<\/section>\n<section class=\"detail-body\">\n<section class=\"body-content note-body content-protected-false\">\n<figure id=\"8198727-Libre-869142361_wrap\" class=\"embed_cont type_imagen\" contenteditable=\"false\">\n<div id=\"8198727-Libre-869142361_content\" class=\"embed_content\"><img loading=\"lazy\" decoding=\"async\" id=\"8198727-Libre-869142361_embed\" title=\"\" src=\"https:\/\/media.minutouno.com\/p\/a819061d5192ea0cb8857d8f0b6d05e9\/adjuntos\/150\/imagenes\/043\/231\/0043231115\/610x0\/smart\/marcelo-grandio-junto-manuel-adorni-2.jpg\" alt=\"\" width=\"610\" height=\"381\" data-td-src-property=\"https:\/\/media.minutouno.com\/p\/a819061d5192ea0cb8857d8f0b6d05e9\/adjuntos\/150\/imagenes\/043\/231\/0043231115\/610x0\/smart\/marcelo-grandio-junto-manuel-adorni-2.jpg\" \/><\/div><figcaption class=\"embed_wrapper-cont\">\n<div id=\"8198727-Libre-869142361_epigrafe\" class=\"embed_epigrafe\"><\/div>\n<\/figcaption><\/figure>\n<p class=\"\" data-type=\"Segment\" data-start=\"16.04\" data-segment-label=\"00:16\" data-rt-id=\"bEN343\" data-rt-kind=\"1\" data-rt-type=\"Paragraph\"><strong>&#8220;Considero que los aspectos de mi vida privada no deber\u00edan convertirse en un asunto nacional&#8221;<\/strong>, insisti\u00f3 Adorni seg\u00fan el periodista. &#8220;Repito, esto es un texto que me autoriza a publicar, me lo envi\u00f3 como una especie de carta autorizada&#8221;, aclar\u00f3 el conductor.<\/p>\n<\/section>\n<\/section>\n<section class=\"detail-body\">\n<section class=\"body-content note-body content-protected-false\">\n<p class=\"\" data-type=\"Segment\" data-start=\"16.04\" data-segment-label=\"00:16\" data-rt-id=\"bEN343\" data-rt-kind=\"1\" data-rt-type=\"Paragraph\">El jefe de Gabinete lament\u00f3 tener que hablar de su &#8220;vida privada&#8221;, de sus &#8220;hijos menores&#8221; y de su &#8220;mujer&#8221;, cuando lo que gener\u00f3 controversia fueron sus privilegios por ser parte del Gobierno.<\/p>\n<\/section>\n<\/section>\n<section class=\"detail-body\">\n<section class=\"body-content note-body content-protected-false\">\n<p class=\"\" data-type=\"Segment\" data-start=\"44.52\" data-segment-label=\"00:44\" data-rt-id=\"bEN344\" data-rt-kind=\"1\" data-rt-type=\"Paragraph\"><span id=\"saysCMSEmphasis6pqmptoubu6\" class=\"saysCMSEmphasis\">&#8220;De todos modos no tengo problema en explicarlo. Ten\u00eda vacaciones planificadas con mi familia para diciembre, pero a ra\u00edz del nuevo rol en la Jefatura de Gabinete tuve que postergarlas. Este viaje de fin de semana lo hice con un amigo personal (por Marcelo Grandio), con quien tengo una relaci\u00f3n de m\u00e1s de una d\u00e9cada. Cada uno pag\u00f3 su parte&#8221;<\/span>, argument\u00f3 Adorni, siempre seg\u00fan el periodista.<\/p>\n<p class=\"\" data-type=\"Segment\" data-start=\"44.52\" data-segment-label=\"00:44\" data-rt-id=\"bEN344\" data-rt-kind=\"1\" data-rt-type=\"Paragraph\">Con esta versi\u00f3n, el integrante del Gobierno Nacional estar\u00eda desmintiendo a su amigo, quien dijo en varias entrevistas que el gasto corri\u00f3 todo por cuenta del funcionario. Incluso sostuvo que lo pag\u00f3 &#8220;con plata del Estado&#8221;.<\/p>\n<div id=\"8198757-412461842_wrap\" class=\"embed_cont type_video\" contenteditable=\"false\">\n<div id=\"8198757-412461842_content\" class=\"embed_content\">\n<div id=\"8198757-412461842_embed\">\n<div id=\"mediaPlayer_8198757-412461842\"><iframe loading=\"lazy\" src=\"https:\/\/www.minutouno.com\/services\/embed.php?idAdjunto=8198757&amp;idAdjuntoTamano=0&amp;width=622&amp;height=351&amp;tipo=video\" width=\"622\" height=\"351\" frameborder=\"0\" scrolling=\"no\" allowfullscreen=\"allowfullscreen\" data-td-src-property=\"https:\/\/www.minutouno.com\/services\/embed.php?idAdjunto=8198757&amp;idAdjuntoTamano=0&amp;width=622&amp;height=351&amp;tipo=video\" data-mce-fragment=\"1\"><\/iframe><\/div>\n<\/div>\n<\/div>\n<div class=\"embed_wrapper-cont\">\n<div id=\"8198757-412461842_epigrafe\" class=\"embed_epigrafe\"><\/div>\n<\/div>\n<\/div>\n<p class=\"\" data-type=\"Segment\" data-start=\"73.28\" data-segment-label=\"01:13\" data-rt-id=\"bEN345\" data-rt-kind=\"1\" data-rt-type=\"Paragraph\"><span id=\"saysCMSEmphasisb44tadvhbqh\" class=\"saysCMSEmphasis\">&#8220;Repito, cada uno pag\u00f3 su parte. No es la primera vez que viajamos juntos y desde luego tampoco ser\u00e1 la \u00faltima. Como dije en varias oportunidades, soy plenamente consciente de mi rol como funcionario p\u00fablico y de los l\u00edmites que esto implica. Simplemente quise compartir unos d\u00edas con mi familia y con amigos lejos de la vor\u00e1gine diaria. Desde ya pod\u00e9s contar esto al aire y como en todas las cuestiones no tengo nada que ocultar&#8221;<\/span>, insisti\u00f3 el jefe de Gabinete.<\/p>\n<p class=\"\" data-type=\"Segment\" data-start=\"73.28\" data-segment-label=\"01:13\" data-rt-id=\"bEN345\" data-rt-kind=\"1\" data-rt-type=\"Paragraph\">Mientras la versi\u00f3n no termina de quedar clara, Adorni volvi\u00f3 a mostrarse ofendido por tener que dar explicaciones siendo funcionario p\u00fablico.\u00a0<span id=\"saysCMSEmphasis4e7ifyfi6p8\" class=\"saysCMSEmphasis\">&#8220;S\u00ed te reconozco que tener que explicar estas cosas solo por la maldad de un pu\u00f1ado parece injusto. Por eso tambi\u00e9n sorprende que haciendo las cosas como corresponden, se intente montar semejante operaci\u00f3n con el \u00fanico objetivo de da\u00f1ar&#8221;<\/span>, concluy\u00f3.<\/p>\n<\/section>\n<\/section>\n<\/section>\n<\/section>\n<\/div>\n","protected":false},"excerpt":{"rendered":"<p>Luis Majul ofici\u00f3 de &#8220;vocero&#8221; del jefe de Gabinete, quien volvi\u00f3 a cambiar de versi\u00f3n&#8230;<\/p>\n","protected":false},"author":1,"featured_media":1716,"comment_status":"closed","ping_status":"closed","sticky":false,"template":"","format":"standard","meta":{"_jetpack_memberships_contains_paid_content":false,"footnotes":"","jetpack_publicize_message":"","jetpack_publicize_feature_enabled":true,"jetpack_social_post_already_shared":true,"jetpack_social_options":{"image_generator_settings":{"template":"highway","default_image_id":0,"font":"","enabled":false},"version":2}},"categories":[3],"tags":[325,156,290,324],"class_list":["post-1715","post","type-post","status-publish","format-standard","has-post-thumbnail","hentry","category-politica","tag-luis-majul","tag-manuel-adorni","tag-nueva-york","tag-punta-del-este"],"aioseo_notices":[],"jetpack_publicize_connections":[],"jetpack_featured_media_url":"https:\/\/www.noticiasbrown.com\/wp-content\/uploads\/2026\/03\/carpetazo-manuel-adorni-anuncio-el-decreto-que-incumplio-viajes-familiares-pagados-el-estado.webp","jetpack_sharing_enabled":true,"_links":{"self":[{"href":"https:\/\/www.noticiasbrown.com\/index.php?rest_route=\/wp\/v2\/posts\/1715","targetHints":{"allow":["GET"]}}],"collection":[{"href":"https:\/\/www.noticiasbrown.com\/index.php?rest_route=\/wp\/v2\/posts"}],"about":[{"href":"https:\/\/www.noticiasbrown.com\/index.php?rest_route=\/wp\/v2\/types\/post"}],"author":[{"embeddable":true,"href":"https:\/\/www.noticiasbrown.com\/index.php?rest_route=\/wp\/v2\/users\/1"}],"replies":[{"embeddable":true,"href":"https:\/\/www.noticiasbrown.com\/index.php?rest_route=%2Fwp%2Fv2%2Fcomments&post=1715"}],"version-history":[{"count":1,"href":"https:\/\/www.noticiasbrown.com\/index.php?rest_route=\/wp\/v2\/posts\/1715\/revisions"}],"predecessor-version":[{"id":1717,"href":"https:\/\/www.noticiasbrown.com\/index.php?rest_route=\/wp\/v2\/posts\/1715\/revisions\/1717"}],"wp:featuredmedia":[{"embeddable":true,"href":"https:\/\/www.noticiasbrown.com\/index.php?rest_route=\/wp\/v2\/media\/1716"}],"wp:attachment":[{"href":"https:\/\/www.noticiasbrown.com\/index.php?rest_route=%2Fwp%2Fv2%2Fmedia&parent=1715"}],"wp:term":[{"taxonomy":"category","embeddable":true,"href":"https:\/\/www.noticiasbrown.com\/index.php?rest_route=%2Fwp%2Fv2%2Fcategories&post=1715"},{"taxonomy":"post_tag","embeddable":true,"href":"https:\/\/www.noticiasbrown.com\/index.php?rest_route=%2Fwp%2Fv2%2Ftags&post=1715"}],"curies":[{"name":"wp","href":"https:\/\/api.w.org\/{rel}","templated":true}]}}