{"id":1674,"date":"2026-03-12T10:03:39","date_gmt":"2026-03-12T13:03:39","guid":{"rendered":"https:\/\/www.noticiasbrown.com\/?p=1674"},"modified":"2026-03-12T10:03:39","modified_gmt":"2026-03-12T13:03:39","slug":"detuvieron-al-chelo-torres-del-grupo-green-tras-ser-denunciado-por-violacion","status":"publish","type":"post","link":"https:\/\/www.noticiasbrown.com\/?p=1674","title":{"rendered":"Detuvieron al &#8220;Chelo&#8221; Torres del Grupo Green tras ser denunciado por violaci\u00f3n"},"content":{"rendered":"<div class=\"detail-header-wrapper\">\n<h3 class=\"ignore-parser\">El cantante fue acusado por una influencer de 43 a\u00f1os que radic\u00f3 la denuncia por abuso sexual en la localidad de La Tablada.<\/h3>\n<section class=\"detail-body first-paragraph\">\n<section id=\"note-body\" class=\"body-content note-body content-protected-false\" data-twitter-link=\"https:\/\/twitter.com\/intent\/tweet?url=https:\/\/www.minutouno.com\/c6255098&amp;v\u00eda=Ambitocom&amp;related=MinutoUno&amp;text=\"><strong>Adri\u00e1n Marcelo Torres Ruiz D\u00edaz<\/strong>, conocido art\u00edsticamente como<strong>\u00a0\u201cChelo\u201d\u00a0<\/strong>y l\u00edder del<strong>\u00a0Grupo Green<\/strong>, fue\u00a0<strong>detenido\u00a0<\/strong>durante la madrugada de este jueves luego de que\u00a0una mujer lo denunciara por un presunto caso de abuso sexual\u00a0que habr\u00eda\u00a0ocurrido en La Tablada, partido bonaerense de La Matanza.<\/p>\n<\/section>\n<\/section>\n<section class=\"detail-body second-paragraph\">\n<section class=\"body-content note-body content-protected-false\">La detenci\u00f3n se llev\u00f3 a cabo en la casa de Torres, en Villa Fiorito, en el marco de una investigaci\u00f3n que lleva adelante la fiscal Lorena Pecorelli, titular de la UFI N\u00b021 de La Matanza a partir de la denuncia radicada esta semana.<\/p>\n<section class=\"detail-body\">\n<section class=\"body-content note-body content-protected-false\">Durante el operativo, efectivos de la DDI de la Polic\u00eda Bonaerense\u00a0<strong>allanaron la vivienda del cantante y secuestraron su veh\u00edculo<\/strong>. Adem\u00e1s, se incautaron tres computadoras y dos tel\u00e9fonos que ser\u00e1 peritados por especialistas del \u00e1rea de Cibercrimen.<\/p>\n<\/section>\n<\/section>\n<section class=\"detail-body\">\n<section class=\"body-content note-body content-protected-false\">\n<figure id=\"8197995-Libre-405255601_wrap\" class=\"embed_cont type_imagen\" contenteditable=\"false\">\n<div id=\"8197995-Libre-405255601_content\" class=\"embed_content\"><img loading=\"lazy\" decoding=\"async\" id=\"8197995-Libre-405255601_embed\" title=\"\" src=\"https:\/\/media.minutouno.com\/p\/805b298326aaa6786bd885e712f9dafb\/adjuntos\/150\/imagenes\/043\/226\/0043226931\/610x0\/721x311:741x331\/chelo-grupo-green-1.jpg\" alt=\"\" width=\"610\" height=\"456\" data-td-src-property=\"https:\/\/media.minutouno.com\/p\/805b298326aaa6786bd885e712f9dafb\/adjuntos\/150\/imagenes\/043\/226\/0043226931\/610x0\/721x311:741x331\/chelo-grupo-green-1.jpg\" \/><\/div><figcaption class=\"embed_wrapper-cont\">\n<div id=\"8197995-Libre-405255601_epigrafe\" class=\"embed_epigrafe\"><\/div>\n<\/figcaption><\/figure>\n<p>Mientras tanto,<strong>\u00a0\u201cChelo\u201d Torres fue trasladado a una celda<\/strong>\u00a0de la DDI de La Matanza, donde permanece alijado en calidad de aprehendido.\u00a0<strong>Se espera que su indagatoria se lleve a cabo en las pr\u00f3ximas horas.<\/strong><\/p>\n<\/section>\n<\/section>\n<section class=\"detail-body\">\n<section class=\"body-content note-body content-protected-false\">La denuncia fue radicada por una mujer conocida p\u00fablicamente como &#8220;<strong>Dulce Lilian&#8221;<\/strong>, quien trabaja como influencer y suele realizar transmisiones en redes sociales como TikTok con m\u00fasicos y bandas del ambiente tropical. En ese contexto, asegur\u00f3 que<strong>\u00a0hab\u00eda acordado reunirse con el cantante<\/strong>\u00a0para realizar una transmisi\u00f3n conjunta.<\/p>\n<\/section>\n<\/section>\n<section class=\"detail-body\">\n<section class=\"body-content note-body content-protected-false\">Seg\u00fan el testimonio de la denunciante,\u00a0<strong>el abuso ocurri\u00f3 dentro de la camioneta del artista<\/strong>\u00a0luego de un encuentro que hab\u00edan coordinado previamente.<\/p>\n<figure id=\"8197996-Libre-1034871737_wrap\" class=\"embed_cont type_imagen\" contenteditable=\"false\">\n<div id=\"8197996-Libre-1034871737_content\" class=\"embed_content\"><img loading=\"lazy\" decoding=\"async\" id=\"8197996-Libre-1034871737_embed\" title=\"\" src=\"https:\/\/media.minutouno.com\/p\/c646e3a0207cf6f2897918bc1b899a41\/adjuntos\/150\/imagenes\/043\/226\/0043226932\/610x0\/898x285:918x305\/chelo-grupo-green.jpg\" alt=\"\" width=\"610\" height=\"456\" data-td-src-property=\"https:\/\/media.minutouno.com\/p\/c646e3a0207cf6f2897918bc1b899a41\/adjuntos\/150\/imagenes\/043\/226\/0043226932\/610x0\/898x285:918x305\/chelo-grupo-green.jpg\" \/><\/div><figcaption class=\"embed_wrapper-cont\">\n<div id=\"8197996-Libre-1034871737_epigrafe\" class=\"embed_epigrafe\"><\/div>\n<\/figcaption><\/figure>\n<p>La mujer relat\u00f3 en su denuncia que ambos estuvieron conversando durante algunas horas antes de que el m\u00fasico la invitara a subir a su veh\u00edculo para continuar la charla con mayor tranquilidad. Fue en ese momento cuando se habr\u00eda producido la situaci\u00f3n que termin\u00f3 con la acusaci\u00f3n por abuso sexual.<\/p>\n<p>La presunta v\u00edctima realiz\u00f3 la denuncia el martes por la noche en la Comisar\u00eda de la Mujer de San Justo y el mi\u00e9rcoles ratific\u00f3 sus dichos ante la fiscal Pecorelli.<\/p>\n<p>Como parte de las primeras medidas, la fiscal\u00eda orden\u00f3 que la denunciante fuera examinada por el cuerpo m\u00e9dico correspondiente y que se aplicara el protocolo de emergencia previsto para casos de abuso sexual. Adem\u00e1s, entreg\u00f3 la ropa interior que utiliz\u00f3 durante en momento del hecho, la cual ser\u00e1 peritada\u00a0<strong>en busca del material gen\u00e9tico del cantante.<\/strong><\/p>\n<p>En paralelo, los investigadores analizaron las c\u00e1maras de seguridad de la zona y encontraron\u00a0<strong>dos grabaciones que muestran el recorrido de la camioneta.<\/strong><\/p>\n<p>El expediente fue caratulado como\u00a0<strong>\u201cabuso sexual con acceso carnal\u201d<\/strong>\u00a0y contin\u00faa bajo investigaci\u00f3n.<\/p>\n<p>El caso tambi\u00e9n volvi\u00f3 a poner en foco los antecedentes del cantante: en 2009, \u201cChelo\u201d Torres ya hab\u00eda sido condenado por un tribunal de Mor\u00f3n a cuatro a\u00f1os de c\u00e1rcel por el abuso de una ni\u00f1a de seis a\u00f1os.<\/p>\n<\/section>\n<\/section>\n<\/section>\n<\/section>\n<\/div>\n","protected":false},"excerpt":{"rendered":"<p>El cantante fue acusado por una influencer de 43 a\u00f1os que radic\u00f3 la denuncia por&#8230;<\/p>\n","protected":false},"author":1,"featured_media":1675,"comment_status":"closed","ping_status":"closed","sticky":false,"template":"","format":"standard","meta":{"_jetpack_memberships_contains_paid_content":false,"footnotes":"","jetpack_publicize_message":"","jetpack_publicize_feature_enabled":true,"jetpack_social_post_already_shared":true,"jetpack_social_options":{"image_generator_settings":{"template":"highway","default_image_id":0,"font":"","enabled":false},"version":2}},"categories":[4],"tags":[317,315,318,316,122,314],"class_list":["post-1674","post","type-post","status-publish","format-standard","has-post-thumbnail","hentry","category-sociedad","tag-abuso-sexual","tag-denuncia","tag-la-matanza","tag-la-tablada","tag-policiales","tag-violacion"],"aioseo_notices":[],"jetpack_publicize_connections":[],"jetpack_featured_media_url":"https:\/\/www.noticiasbrown.com\/wp-content\/uploads\/2026\/03\/chelo-grupo-green-2.webp","jetpack_sharing_enabled":true,"_links":{"self":[{"href":"https:\/\/www.noticiasbrown.com\/index.php?rest_route=\/wp\/v2\/posts\/1674","targetHints":{"allow":["GET"]}}],"collection":[{"href":"https:\/\/www.noticiasbrown.com\/index.php?rest_route=\/wp\/v2\/posts"}],"about":[{"href":"https:\/\/www.noticiasbrown.com\/index.php?rest_route=\/wp\/v2\/types\/post"}],"author":[{"embeddable":true,"href":"https:\/\/www.noticiasbrown.com\/index.php?rest_route=\/wp\/v2\/users\/1"}],"replies":[{"embeddable":true,"href":"https:\/\/www.noticiasbrown.com\/index.php?rest_route=%2Fwp%2Fv2%2Fcomments&post=1674"}],"version-history":[{"count":1,"href":"https:\/\/www.noticiasbrown.com\/index.php?rest_route=\/wp\/v2\/posts\/1674\/revisions"}],"predecessor-version":[{"id":1676,"href":"https:\/\/www.noticiasbrown.com\/index.php?rest_route=\/wp\/v2\/posts\/1674\/revisions\/1676"}],"wp:featuredmedia":[{"embeddable":true,"href":"https:\/\/www.noticiasbrown.com\/index.php?rest_route=\/wp\/v2\/media\/1675"}],"wp:attachment":[{"href":"https:\/\/www.noticiasbrown.com\/index.php?rest_route=%2Fwp%2Fv2%2Fmedia&parent=1674"}],"wp:term":[{"taxonomy":"category","embeddable":true,"href":"https:\/\/www.noticiasbrown.com\/index.php?rest_route=%2Fwp%2Fv2%2Fcategories&post=1674"},{"taxonomy":"post_tag","embeddable":true,"href":"https:\/\/www.noticiasbrown.com\/index.php?rest_route=%2Fwp%2Fv2%2Ftags&post=1674"}],"curies":[{"name":"wp","href":"https:\/\/api.w.org\/{rel}","templated":true}]}}