{"id":1670,"date":"2026-03-12T10:40:52","date_gmt":"2026-03-12T13:40:52","guid":{"rendered":"https:\/\/www.noticiasbrown.com\/?p=1670"},"modified":"2026-03-12T09:53:04","modified_gmt":"2026-03-12T12:53:04","slug":"el-primer-posible-11-del-chacho-coudet-en-su-estreno-como-entrenador-de-river","status":"publish","type":"post","link":"https:\/\/www.noticiasbrown.com\/?p=1670","title":{"rendered":"El primer posible 11 del Chacho Coudet en su estreno como entrenador de River"},"content":{"rendered":"<div class=\"detail-header-wrapper\">\n<h3 class=\"ignore-parser\">El flamante entrenador del Millonario prepara su estreno oficial con la intenci\u00f3n de mantener la base heredada y aplicar cambios de manera gradual.<\/h3>\n<section class=\"detail-body first-paragraph\">\n<section id=\"note-body\" class=\"body-content note-body content-protected-false\" data-twitter-link=\"https:\/\/twitter.com\/intent\/tweet?url=https:\/\/www.minutouno.com\/c6255108&amp;v\u00eda=Ambitocom&amp;related=MinutoUno&amp;text=\">\n<p data-start=\"3869\" data-end=\"4231\">La nueva etapa de\u00a0<strong>River<\/strong>\u00a0bajo la conducci\u00f3n de\u00a0<strong>Eduardo Coudet<\/strong>\u00a0comenzar\u00e1 oficialmente este jueves por la noche cuando\u00a0el equipo visite a Hurac\u00e1n\u00a0en el\u00a0<strong>estadio Tom\u00e1s Adolfo Duc\u00f3.<\/strong>\u00a0El encuentro, correspondiente a la d\u00e9cima fecha del\u00a0<strong>Torneo Apertura<\/strong>\u00a02026, marcar\u00e1 el debut del entrenador en el banco del Millonario, luego de varios d\u00edas de trabajo intenso junto al plantel.<\/p>\n<\/section>\n<\/section>\n<section class=\"detail-body second-paragraph\">\n<section class=\"body-content note-body content-protected-false\">\n<p data-start=\"4233\" data-end=\"4575\">Desde su llegada, el director t\u00e9cnico dej\u00f3 en claro que no pretende realizar una transformaci\u00f3n abrupta en el funcionamiento del equipo. La idea principal es mantener buena parte de la estructura que dej\u00f3 el ciclo anterior y comenzar a introducir modificaciones de forma progresiva, buscando que el plantel asimile su propuesta sin perder estabilidad. Uno de los principales objetivos del nuevo cuerpo t\u00e9cnico en esta primera etapa es generar un cambio en el aspecto an\u00edmico del grupo.<\/p>\n<section class=\"detail-body\">\n<section class=\"body-content note-body content-protected-false\">\n<p data-start=\"4577\" data-end=\"4895\">El irregular arranque de campeonato dej\u00f3 secuelas en el plantel y el entrenador considera clave recuperar la confianza colectiva para volver a competir al nivel que se espera de River. Para comenzar ese proceso, durante la semana se implement\u00f3 una exigente rutina de entrenamientos que apunt\u00f3 especialmente al aspecto f\u00edsico. El incremento en la carga de trabajo fue el primer paso de Coudet para intentar imprimirle al equipo una mayor intensidad en el juego.<\/p>\n<\/section>\n<\/section>\n<section class=\"detail-body\">\n<section class=\"body-content note-body content-protected-false\">\n<figure id=\"8195424-Libre-1614541196_wrap\" class=\"embed_cont type_imagen\" contenteditable=\"false\">\n<div id=\"8195424-Libre-1614541196_content\" class=\"embed_content\"><img loading=\"lazy\" decoding=\"async\" id=\"8195424-Libre-1614541196_embed\" title=\"\" src=\"https:\/\/media.minutouno.com\/p\/7db31a07e217ac13ac022efafe1438a0\/adjuntos\/150\/imagenes\/043\/211\/0043211854\/610x0\/754x475:774x495\/chacho-coudet-plantel-river.jpg\" alt=\"\" width=\"610\" height=\"469\" data-td-src-property=\"https:\/\/media.minutouno.com\/p\/7db31a07e217ac13ac022efafe1438a0\/adjuntos\/150\/imagenes\/043\/211\/0043211854\/610x0\/754x475:774x495\/chacho-coudet-plantel-river.jpg\" \/><\/div><figcaption class=\"embed_wrapper-cont\">\n<div id=\"8195424-Libre-1614541196_epigrafe\" class=\"embed_epigrafe\"><\/div>\n<\/figcaption><\/figure>\n<p data-start=\"5174\" data-end=\"5495\">En cuanto a la formaci\u00f3n para el partido frente a Hurac\u00e1n, el entrenador analiza realizar una sola modificaci\u00f3n respecto del equipo que jug\u00f3 recientemente en el torneo. Esa posible variante estar\u00eda vinculada al regreso de\u00a0<strong>Juan Fernando Quintero,<\/strong>\u00a0quien ya dej\u00f3 atr\u00e1s la lesi\u00f3n que arrastraba desde el encuentro ante V\u00e9lez.<\/p>\n<\/section>\n<\/section>\n<section class=\"detail-body\">\n<section class=\"body-content note-body content-protected-false\">\n<p data-start=\"5497\" data-end=\"5849\">El mediocampista colombiano recibi\u00f3 el alta m\u00e9dica y podr\u00eda ser titular pese a no encontrarse todav\u00eda en su plenitud f\u00edsica. La intenci\u00f3n del entrenador es aprovechar su capacidad para manejar los tiempos del juego y aportar claridad en los \u00faltimos metros del campo, una cualidad que puede resultar clave para conectar al mediocampo con los delanteros.<\/p>\n<\/section>\n<\/section>\n<section class=\"detail-body\">\n<section class=\"body-content note-body content-protected-false\">\n<p data-start=\"5851\" data-end=\"6147\">Si finalmente Quintero ingresa desde el inicio, el jugador que dejar\u00eda su lugar ser\u00eda Ian Subiabre. De esa manera se modificar\u00eda el esquema ofensivo que hab\u00eda utilizado Marcelo Escudero en el empate frente a Independiente Rivadavia, desarmando el tridente que hab\u00eda presentado en aquel encuentro.<\/p>\n<figure id=\"8197556-Libre-337996635_wrap\" class=\"embed_cont type_imagen\" contenteditable=\"false\">\n<div id=\"8197556-Libre-337996635_content\" class=\"embed_content\"><img loading=\"lazy\" decoding=\"async\" id=\"8197556-Libre-337996635_embed\" title=\"\" src=\"https:\/\/media.minutouno.com\/p\/0583a70aba3936cfaf453e6dca081d71\/adjuntos\/150\/imagenes\/043\/224\/0043224099\/610x0\/smart\/coudet.jpg\" alt=\"\" width=\"610\" height=\"377\" data-td-src-property=\"https:\/\/media.minutouno.com\/p\/0583a70aba3936cfaf453e6dca081d71\/adjuntos\/150\/imagenes\/043\/224\/0043224099\/610x0\/smart\/coudet.jpg\" \/><\/div><figcaption class=\"embed_wrapper-cont\">\n<div id=\"8197556-Libre-337996635_epigrafe\" class=\"embed_epigrafe\"><\/div>\n<\/figcaption><\/figure>\n<p data-start=\"6149\" data-end=\"6405\">De todas maneras, el cuerpo t\u00e9cnico tambi\u00e9n contempla la posibilidad de esperar a que el colombiano alcance su mejor forma f\u00edsica antes de devolverle la titularidad. En ese caso, las alternativas para ocupar ese lugar ser\u00edan Kendry P\u00e1ez o Santiago Lencina.<\/p>\n<p data-start=\"6407\" data-end=\"6694\">Otra de las inc\u00f3gnitas pasa por el acompa\u00f1ante de\u00a0<strong>Sebasti\u00e1n Driussi<\/strong>\u00a0en el ataque.\u00a0<strong>Joaqu\u00edn Freitas, Facundo Colidio y Maximiliano Salas\u00a0<\/strong>aparecen como las principales opciones para completar la dupla ofensiva, en una decisi\u00f3n que el entrenador terminar\u00e1 de definir horas antes del partido.<\/p>\n<h2>La formaci\u00f3n de River vs. Hurac\u00e1n por el Torneo Apertura 2026<\/h2>\n<ul>\n<li><strong>River:<\/strong>\u00a0Santiago Beltr\u00e1n; Gonzalo Montiel, Lucas Mart\u00ednez Quarta, Lautaro Rivero, Marcos Acu\u00f1a; Fausto Vera, An\u00edbal Moreno, Fausto Vera, Juan Fernando Quintero; Joaqu\u00edn Freitas, Facundo Colidio o Maximiliano Salas y Sebasti\u00e1n Driussi.\u00a0<strong>DT: Eduardo Coudet.<\/strong><\/li>\n<\/ul>\n<\/section>\n<\/section>\n<\/section>\n<\/section>\n<\/div>\n","protected":false},"excerpt":{"rendered":"<p>El flamante entrenador del Millonario prepara su estreno oficial con la intenci\u00f3n de mantener la&#8230;<\/p>\n","protected":false},"author":1,"featured_media":1671,"comment_status":"closed","ping_status":"closed","sticky":false,"template":"","format":"standard","meta":{"_jetpack_memberships_contains_paid_content":false,"footnotes":"","jetpack_publicize_message":"","jetpack_publicize_feature_enabled":true,"jetpack_social_post_already_shared":true,"jetpack_social_options":{"image_generator_settings":{"template":"highway","default_image_id":0,"font":"","enabled":false},"version":2}},"categories":[5],"tags":[311,312,313],"class_list":["post-1670","post","type-post","status-publish","format-standard","has-post-thumbnail","hentry","category-deporte","tag-chacho","tag-coudet-river","tag-huracan-torneo-apertura"],"aioseo_notices":[],"jetpack_publicize_connections":[],"jetpack_featured_media_url":"https:\/\/www.noticiasbrown.com\/wp-content\/uploads\/2026\/03\/chacho-coudet.webp","jetpack_sharing_enabled":true,"_links":{"self":[{"href":"https:\/\/www.noticiasbrown.com\/index.php?rest_route=\/wp\/v2\/posts\/1670","targetHints":{"allow":["GET"]}}],"collection":[{"href":"https:\/\/www.noticiasbrown.com\/index.php?rest_route=\/wp\/v2\/posts"}],"about":[{"href":"https:\/\/www.noticiasbrown.com\/index.php?rest_route=\/wp\/v2\/types\/post"}],"author":[{"embeddable":true,"href":"https:\/\/www.noticiasbrown.com\/index.php?rest_route=\/wp\/v2\/users\/1"}],"replies":[{"embeddable":true,"href":"https:\/\/www.noticiasbrown.com\/index.php?rest_route=%2Fwp%2Fv2%2Fcomments&post=1670"}],"version-history":[{"count":1,"href":"https:\/\/www.noticiasbrown.com\/index.php?rest_route=\/wp\/v2\/posts\/1670\/revisions"}],"predecessor-version":[{"id":1673,"href":"https:\/\/www.noticiasbrown.com\/index.php?rest_route=\/wp\/v2\/posts\/1670\/revisions\/1673"}],"wp:featuredmedia":[{"embeddable":true,"href":"https:\/\/www.noticiasbrown.com\/index.php?rest_route=\/wp\/v2\/media\/1671"}],"wp:attachment":[{"href":"https:\/\/www.noticiasbrown.com\/index.php?rest_route=%2Fwp%2Fv2%2Fmedia&parent=1670"}],"wp:term":[{"taxonomy":"category","embeddable":true,"href":"https:\/\/www.noticiasbrown.com\/index.php?rest_route=%2Fwp%2Fv2%2Fcategories&post=1670"},{"taxonomy":"post_tag","embeddable":true,"href":"https:\/\/www.noticiasbrown.com\/index.php?rest_route=%2Fwp%2Fv2%2Ftags&post=1670"}],"curies":[{"name":"wp","href":"https:\/\/api.w.org\/{rel}","templated":true}]}}