{"id":1653,"date":"2026-03-12T09:26:02","date_gmt":"2026-03-12T12:26:02","guid":{"rendered":"https:\/\/www.noticiasbrown.com\/?p=1653"},"modified":"2026-03-12T09:26:02","modified_gmt":"2026-03-12T12:26:02","slug":"el-tren-mitre-vuelve-a-la-estacion-retiro-desde-cuando","status":"publish","type":"post","link":"https:\/\/www.noticiasbrown.com\/?p=1653","title":{"rendered":"El tren Mitre vuelve a la estaci\u00f3n Retiro: desde cu\u00e1ndo"},"content":{"rendered":"<div class=\"detail-header-wrapper\">\n<h3 class=\"ignore-parser\">Despu\u00e9s de dos meses, los ramales Tigre, Jos\u00e9 Le\u00f3n Su\u00e1rez y Bartolom\u00e9 Mitre restablecen su servicio completo.<\/h3>\n<section class=\"detail-body first-paragraph\">\n<section id=\"note-body\" class=\"body-content note-body content-protected-false\" data-twitter-link=\"https:\/\/twitter.com\/intent\/tweet?url=https:\/\/www.minutouno.com\/c6255069&amp;v\u00eda=Ambitocom&amp;related=MinutoUno&amp;text=\">Los\u00a0<strong>tres ramales\u00a0<\/strong>del\u00a0<strong>tren Mitre\u00a0<\/strong>vuelven a llegar a la<strong>\u00a0estaci\u00f3n Retiro\u00a0<\/strong>desde este jueves luego de casi dos meses de servicios reducidos e interrumpidos por diversas obras de renovaci\u00f3n en las v\u00edas.<\/p>\n<\/section>\n<\/section>\n<section class=\"detail-body second-paragraph\">\n<section class=\"body-content note-body content-protected-false\">El restablecimiento del servicio se autoriz\u00f3 luego de que se realizaran una serie de\u00a0<strong>ensayos t\u00e9cnicos con formaciones sin pasajeros<\/strong>. Seg\u00fan la empresa ferroviaria, las pruebas arrojaron resultados satisfactorios y permitieron comprobar el correcto funcionamiento del nuevo sistema, garantizando las condiciones de circulaci\u00f3n en el ingreso a la terminal.<\/p>\n<section class=\"detail-body\">\n<section class=\"body-content note-body content-protected-false\">El servicio de los ramales los<strong>\u00a0ramales Tigre, Jos\u00e9 Le\u00f3n Su\u00e1rez y Bartolom\u00e9 Mitre<\/strong>\u00a0estuvo reducido desde el 10 de enero por refacciones en la estructura ferroviaria que incluyeron el reemplazo de 120 kil\u00f3metros de cables, la instalaci\u00f3n de nuevas se\u00f1ales y sem\u00e1foros para la circulaci\u00f3n de trenes y la renovaci\u00f3n del antiguo sistema de se\u00f1alamiento, que ten\u00eda m\u00e1s de cien a\u00f1os de antig\u00fcedad, por equipamiento moderno.<\/p>\n<\/section>\n<\/section>\n<section class=\"detail-body\">\n<section class=\"body-content note-body content-protected-false\">\n<div id=\"8198237-1912615545_wrap\" class=\"embed_cont type_video\" contenteditable=\"false\">\n<div id=\"8198237-1912615545_content\" class=\"embed_content\">\n<div id=\"8198237-1912615545_embed\">\n<div id=\"mediaPlayer_8198237-1912615545\"><iframe loading=\"lazy\" src=\"https:\/\/www.minutouno.com\/services\/embed.php?idAdjunto=8198237&amp;idAdjuntoTamano=0&amp;width=622&amp;height=351&amp;tipo=video\" width=\"622\" height=\"351\" frameborder=\"0\" scrolling=\"no\" allowfullscreen=\"allowfullscreen\" data-td-src-property=\"https:\/\/www.minutouno.com\/services\/embed.php?idAdjunto=8198237&amp;idAdjuntoTamano=0&amp;width=622&amp;height=351&amp;tipo=video\" data-mce-fragment=\"1\"><\/iframe><\/div>\n<\/div>\n<\/div>\n<div class=\"embed_wrapper-cont\">\n<div id=\"8198237-1912615545_epigrafe\" class=\"embed_epigrafe\"><\/div>\n<\/div>\n<\/div>\n<p>Para realizar este tipo de trabajos fue necesario desconectar completamente el sistema anterior y vincularlo con la nueva infraestructura, proceso que oblig\u00f3 a reducir el servicio ferroviario durante varias semanas y no permit\u00eda que los trenes llegaran a Retiro.<\/p>\n<\/section>\n<\/section>\n<section class=\"detail-body\">\n<section class=\"body-content note-body content-protected-false\">Las obras estuvieron a cargo de Trenes Argentinos Infraestructura y forman parte del plan de mejoras impulsado en el marco de Emergencia Ferroviaria, con el objetivo de mejorar las condiciones de seguridad operacional y optimizar el funcionamiento de uno de los corredores m\u00e1s utilizados del \u00c1rea Metropolitana de Buenos Aires.<\/p>\n<\/section>\n<\/section>\n<section class=\"detail-body\">\n<section class=\"body-content note-body content-protected-false\">\n<figure id=\"8198239-Libre-600956971_wrap\" class=\"embed_cont type_imagen\" contenteditable=\"false\">\n<div id=\"8198239-Libre-600956971_content\" class=\"embed_content\"><img loading=\"lazy\" decoding=\"async\" id=\"8198239-Libre-600956971_embed\" title=\"\" src=\"https:\/\/media.minutouno.com\/p\/a328780a941f90e10513aeb74e774156\/adjuntos\/150\/imagenes\/043\/228\/0043228427\/610x0\/763x648:783x668\/tren-mitre-retiro.jpg\" alt=\"\" width=\"610\" height=\"457\" crossorigin=\"anonymous\" \/><\/div><figcaption class=\"embed_wrapper-cont\">\n<div id=\"8198239-Libre-600956971_epigrafe\" class=\"embed_epigrafe\"><\/div>\n<\/figcaption><\/figure>\n<p>Durante ese tiempo, adem\u00e1s, se renovaron 7,7 kil\u00f3metros de v\u00edas del ramal Tigre, lo que elev\u00f3 a 29 kil\u00f3metros el total de traza ferroviaria modernizada entre Empalme Maldonado y Tigre. Tambi\u00e9n se adecuaron 13 cuadros de estaci\u00f3n, se renovaron 16 pasos a nivel y 12 puentes.<\/p>\n<p>Seg\u00fan inform\u00f3 la empresa, las obras de renovaci\u00f3n de v\u00edas en el ramal Tigre del tren Mitre continuar\u00e1n realiz\u00e1ndose durante la noche con el objetivo de minimizar el impacto en el servicio y garantizar el funcionamiento normal durante el d\u00eda.<\/p>\n<figure id=\"8198240-Libre-499954398_wrap\" class=\"embed_cont type_imagen\" contenteditable=\"false\">\n<div id=\"8198240-Libre-499954398_content\" class=\"embed_content\"><img loading=\"lazy\" decoding=\"async\" id=\"8198240-Libre-499954398_embed\" title=\"\" src=\"https:\/\/media.minutouno.com\/p\/d6e78bf1114509006f6802cc1ac8482f\/adjuntos\/150\/imagenes\/043\/228\/0043228428\/610x0\/545x607:565x627\/tren-mitre-retiro.jpg\" alt=\"\" width=\"610\" height=\"457\" data-td-src-property=\"https:\/\/media.minutouno.com\/p\/d6e78bf1114509006f6802cc1ac8482f\/adjuntos\/150\/imagenes\/043\/228\/0043228428\/610x0\/545x607:565x627\/tren-mitre-retiro.jpg\" \/><\/div><figcaption class=\"embed_wrapper-cont\">\n<div id=\"8198240-Libre-499954398_epigrafe\" class=\"embed_epigrafe\"><\/div>\n<\/figcaption><\/figure>\n<p>Con el avance de las obras de modernizaci\u00f3n de la infraestructura y del sistema de se\u00f1alamiento, desde la empresa estiman que el tiempo de viaje entre Retiro y Tigre podr\u00eda reducirse aproximadamente 10 minuto hacia mediados de a\u00f1os. En tanto, est\u00e1 previsto que, para fines de 2026 se reduzca otros siete minutos m\u00e1s.<\/p>\n<figure id=\"8198241-Libre-85703502_wrap\" class=\"embed_cont type_imagen\" contenteditable=\"false\">\n<div id=\"8198241-Libre-85703502_content\" class=\"embed_content\"><img loading=\"lazy\" decoding=\"async\" id=\"8198241-Libre-85703502_embed\" title=\"\" src=\"https:\/\/media.minutouno.com\/p\/45c636a03339cc290c919204613c7cd5\/adjuntos\/150\/imagenes\/043\/228\/0043228429\/610x0\/1203x544:1223x564\/tren-mitre-retiro.jpg\" alt=\"\" width=\"610\" height=\"457\" data-td-src-property=\"https:\/\/media.minutouno.com\/p\/45c636a03339cc290c919204613c7cd5\/adjuntos\/150\/imagenes\/043\/228\/0043228429\/610x0\/1203x544:1223x564\/tren-mitre-retiro.jpg\" \/><\/div>\n<\/figure>\n<\/section>\n<\/section>\n<\/section>\n<\/section>\n<\/div>\n","protected":false},"excerpt":{"rendered":"<p>Despu\u00e9s de dos meses, los ramales Tigre, Jos\u00e9 Le\u00f3n Su\u00e1rez y Bartolom\u00e9 Mitre restablecen su&#8230;<\/p>\n","protected":false},"author":1,"featured_media":113,"comment_status":"closed","ping_status":"closed","sticky":false,"template":"","format":"standard","meta":{"_jetpack_memberships_contains_paid_content":false,"footnotes":"","jetpack_publicize_message":"","jetpack_publicize_feature_enabled":true,"jetpack_social_post_already_shared":true,"jetpack_social_options":{"image_generator_settings":{"template":"highway","default_image_id":0,"font":"","enabled":false},"version":2}},"categories":[4],"tags":[306,97,305,42,307],"class_list":["post-1653","post","type-post","status-publish","format-standard","has-post-thumbnail","hentry","category-sociedad","tag-retiro","tag-transporte","tag-tren-mitre","tag-trenes","tag-trenes-argentinos"],"aioseo_notices":[],"jetpack_publicize_connections":[],"jetpack_featured_media_url":"https:\/\/www.noticiasbrown.com\/wp-content\/uploads\/2026\/02\/trenes-argentinosjpg.webp","jetpack_sharing_enabled":true,"_links":{"self":[{"href":"https:\/\/www.noticiasbrown.com\/index.php?rest_route=\/wp\/v2\/posts\/1653","targetHints":{"allow":["GET"]}}],"collection":[{"href":"https:\/\/www.noticiasbrown.com\/index.php?rest_route=\/wp\/v2\/posts"}],"about":[{"href":"https:\/\/www.noticiasbrown.com\/index.php?rest_route=\/wp\/v2\/types\/post"}],"author":[{"embeddable":true,"href":"https:\/\/www.noticiasbrown.com\/index.php?rest_route=\/wp\/v2\/users\/1"}],"replies":[{"embeddable":true,"href":"https:\/\/www.noticiasbrown.com\/index.php?rest_route=%2Fwp%2Fv2%2Fcomments&post=1653"}],"version-history":[{"count":1,"href":"https:\/\/www.noticiasbrown.com\/index.php?rest_route=\/wp\/v2\/posts\/1653\/revisions"}],"predecessor-version":[{"id":1654,"href":"https:\/\/www.noticiasbrown.com\/index.php?rest_route=\/wp\/v2\/posts\/1653\/revisions\/1654"}],"wp:featuredmedia":[{"embeddable":true,"href":"https:\/\/www.noticiasbrown.com\/index.php?rest_route=\/wp\/v2\/media\/113"}],"wp:attachment":[{"href":"https:\/\/www.noticiasbrown.com\/index.php?rest_route=%2Fwp%2Fv2%2Fmedia&parent=1653"}],"wp:term":[{"taxonomy":"category","embeddable":true,"href":"https:\/\/www.noticiasbrown.com\/index.php?rest_route=%2Fwp%2Fv2%2Fcategories&post=1653"},{"taxonomy":"post_tag","embeddable":true,"href":"https:\/\/www.noticiasbrown.com\/index.php?rest_route=%2Fwp%2Fv2%2Ftags&post=1653"}],"curies":[{"name":"wp","href":"https:\/\/api.w.org\/{rel}","templated":true}]}}