{"id":1592,"date":"2026-03-09T09:00:54","date_gmt":"2026-03-09T12:00:54","guid":{"rendered":"https:\/\/www.noticiasbrown.com\/?p=1592"},"modified":"2026-03-09T08:32:39","modified_gmt":"2026-03-09T11:32:39","slug":"video-batalla-campal-entre-cruzeiro-y-atletico-mineiro-con-argentinos-como-protagonistas","status":"publish","type":"post","link":"https:\/\/www.noticiasbrown.com\/?p=1592","title":{"rendered":"Video: batalla campal entre Cruzeiro y Atl\u00e9tico Mineiro con argentinos como protagonistas"},"content":{"rendered":"<div class=\"detail-header-wrapper\">\n<h4 class=\"ignore-parser\">El cl\u00e1sico decisivo del Campeonato Mineiro termin\u00f3 envuelto en un violento enfrentamiento entre jugadores y cuerpos t\u00e9cnicos. Hubo golpes, patadas voladoras y hasta intervenci\u00f3n policial.<\/h4>\n<section class=\"detail-body first-paragraph\">\n<section id=\"note-body\" class=\"body-content note-body content-protected-false\" data-twitter-link=\"https:\/\/twitter.com\/intent\/tweet?url=https:\/\/www.minutouno.com\/c6253659&amp;v\u00eda=Ambitocom&amp;related=MinutoUno&amp;text=\">\n<p data-start=\"360\" data-end=\"766\">La final del\u00a0<strong>Campeonato Mineiro<\/strong>\u00a0entre\u00a0<strong>Cruzeiro<\/strong>\u00a0y\u00a0<strong>Atl\u00e9tico Mineiro<\/strong>\u00a0qued\u00f3 marcada por un episodio ca\u00f3tico que eclips\u00f3 el desenlace deportivo. En los instantes finales del encuentro disputado en el\u00a0<strong>estadio Mineir\u00e3o<\/strong>\u00a0se desat\u00f3 una pelea generalizada que oblig\u00f3 a detener el partido durante m\u00e1s de diez minutos y requiri\u00f3 la intervenci\u00f3n de la Polic\u00eda Militar para restablecer el orden dentro del campo de juego.<\/p>\n<\/section>\n<\/section>\n<section class=\"detail-body second-paragraph\">\n<section class=\"body-content note-body content-protected-false\">\n<p data-start=\"768\" data-end=\"1140\">El \u00e1rbitro\u00a0<strong>Matheus Candan\u00e7an<\/strong>\u00a0solicit\u00f3 protecci\u00f3n mientras la situaci\u00f3n se descontrolaba. Jugadores de ambos equipos, junto a integrantes de los cuerpos t\u00e9cnicos, participaron de un enfrentamiento que incluy\u00f3 empujones, golpes y patadas. Pese a la magnitud del incidente,\u00a0<strong>una vez que la calma regres\u00f3 el juez decidi\u00f3 dar por terminado el partido sin mostrar tarjetas rojas.<\/strong><\/p>\n<section class=\"detail-body\">\n<section class=\"body-content note-body content-protected-false\">\n<p data-start=\"1142\" data-end=\"1522\">El origen del conflicto se produjo cuando el mediocampista\u00a0<strong>Christian,<\/strong>\u00a0de Cruzeiro, choc\u00f3 con el arquero\u00a0<strong>Everson<\/strong>\u00a0dentro del \u00e1rea. El guardameta reaccion\u00f3 ante el impacto y el cruce escal\u00f3 r\u00e1pidamente. Futbolistas del conjunto celeste acudieron en defensa de su compa\u00f1ero y comenzaron los primeros empujones, lo que deriv\u00f3 en una serie de agresiones f\u00edsicas entre los protagonistas.<\/p>\n<\/section>\n<\/section>\n<section class=\"detail-body\">\n<section class=\"body-content note-body content-protected-false\">\n<figure id=\"8196668-Libre-854113492_wrap\" class=\"embed_cont type_imagen\" contenteditable=\"false\">\n<div id=\"8196668-Libre-854113492_content\" class=\"embed_content\"><img loading=\"lazy\" decoding=\"async\" id=\"8196668-Libre-854113492_embed\" title=\"\" src=\"https:\/\/media.minutouno.com\/p\/b0c99e5e7cf6888272a0b7e4c559864a\/adjuntos\/150\/imagenes\/043\/218\/0043218701\/610x0\/849x354:869x374\/pelea-cruzeiro-mineiro.jpg\" alt=\"\" width=\"610\" height=\"457\" data-td-src-property=\"https:\/\/media.minutouno.com\/p\/b0c99e5e7cf6888272a0b7e4c559864a\/adjuntos\/150\/imagenes\/043\/218\/0043218701\/610x0\/849x354:869x374\/pelea-cruzeiro-mineiro.jpg\" \/><\/div><figcaption class=\"embed_wrapper-cont\">\n<div id=\"8196668-Libre-854113492_epigrafe\" class=\"embed_epigrafe\"><\/div>\n<\/figcaption><\/figure>\n<p data-start=\"1524\" data-end=\"1932\">Entre los involucrados apareci\u00f3 el argentino\u00a0<strong>Lucas Romero,<\/strong>\u00a0quien lanz\u00f3 una patada contra el arquero del Atl\u00e9tico Mineiro. El arquero ya hab\u00eda recibido golpes previos por parte de\u00a0<strong>Matheus Henrique,<\/strong>\u00a0lo que intensific\u00f3 el clima de tensi\u00f3n. La respuesta del equipo dirigido por el argentino\u00a0<strong>Eduardo Dom\u00ednguez<\/strong>\u00a0no tard\u00f3 en llegar:\u00a0<span id=\"saysCMSEmphasisk5ukt79uqvo\" class=\"saysCMSEmphasis\">varios jugadores del Galo reaccionaron con empujones y golpes en medio del tumulto.<\/span><\/p>\n<\/section>\n<\/section>\n<section class=\"detail-body\">\n<section class=\"body-content note-body content-protected-false\">\n<p data-start=\"1934\" data-end=\"2237\">En medio del caos, el arquero\u00a0<strong>C\u00e1ssio<\/strong>\u00a0intent\u00f3 enfrentar al defensor\u00a0<strong>Lyanco,<\/strong>\u00a0aunque fue frenado por otros futbolistas. Sin embargo, el zaguero termin\u00f3 intercambiando golpes con el volante\u00a0<strong>G\u00e9rson<\/strong>\u00a0y recibi\u00f3 una patada del propio arquero de Cruzeiro, lo que termin\u00f3 de encender la pelea en el campo de juego.<\/p>\n<\/section>\n<\/section>\n<section class=\"detail-body\">\n<section class=\"body-content note-body content-protected-false\">\n<p data-start=\"2239\" data-end=\"2664\">La violencia continu\u00f3 escalando cuando el delantero\u00a0<strong>Hulk<\/strong>\u00a0tambi\u00e9n qued\u00f3 en el centro del conflicto. El atacante\u00a0<strong>fue derribado con patadas voladoras por Lucas Villalba y la respuesta no se hizo esperar<\/strong>. El defensor argentino reaccion\u00f3 con pu\u00f1etazos e incluso lleg\u00f3 a patear al delantero\u00a0<strong>Kaio Jorge,<\/strong>\u00a0en una secuencia que dej\u00f3 im\u00e1genes impactantes y oblig\u00f3 a la intervenci\u00f3n de la seguridad del estadio y de efectivos policiales.<\/p>\n<div id=\"8196661-1668340284_wrap\" class=\"embed_cont type_video\" contenteditable=\"false\">\n<div id=\"8196661-1668340284_content\" class=\"embed_content\">\n<div id=\"8196661-1668340284_embed\">\n<div id=\"mediaPlayer_8196661-1668340284\"><iframe loading=\"lazy\" src=\"https:\/\/www.minutouno.com\/services\/embed.php?idAdjunto=8196661&amp;idAdjuntoTamano=0&amp;width=622&amp;height=351&amp;tipo=video\" width=\"622\" height=\"351\" frameborder=\"0\" scrolling=\"no\" allowfullscreen=\"allowfullscreen\" data-td-src-property=\"https:\/\/www.minutouno.com\/services\/embed.php?idAdjunto=8196661&amp;idAdjuntoTamano=0&amp;width=622&amp;height=351&amp;tipo=video\" data-mce-fragment=\"1\"><\/iframe><\/div>\n<\/div>\n<\/div>\n<div class=\"embed_wrapper-cont\">\n<div id=\"8196661-1668340284_epigrafe\" class=\"embed_epigrafe\"><\/div>\n<\/div>\n<\/div>\n<p data-start=\"2666\" data-end=\"2949\">Mientras el personal intentaba separar a los futbolistas, el \u00e1rbitro aguard\u00f3 a que se restableciera el orden para poder concluir el encuentro. Finalmente, tras varios minutos de tensi\u00f3n, el partido pudo finalizar con la consagraci\u00f3n de Cruzeiro, que logr\u00f3 imponerse en la definici\u00f3n.<\/p>\n<p data-start=\"2951\" data-end=\"3334\">En el plano estrictamente deportivo, el conjunto celeste cort\u00f3 una larga sequ\u00eda y celebr\u00f3 el t\u00edtulo estadual. El gol decisivo fue convertido por Kaio Jorge, quien adem\u00e1s termin\u00f3 el torneo como m\u00e1ximo goleador con siete tantos. La victoria tambi\u00e9n frustr\u00f3 el sue\u00f1o del Atl\u00e9tico Mineiro de conquistar su s\u00e9ptimo campeonato consecutivo, una marca que habr\u00eda sido hist\u00f3rica para el club.<\/p>\n<p data-start=\"3336\" data-end=\"3630\">Con este triunfo,\u00a0<strong>Cruzeiro alcanz\u00f3 su 39\u00ba t\u00edtulo del Campeonato Mineiro y reafirm\u00f3 su lugar como uno de los clubes m\u00e1s exitosos de la regi\u00f3n de Minas Gerais.<\/strong>\u00a0Sin embargo, m\u00e1s all\u00e1 del festejo, la final quedar\u00e1 en la memoria por el esc\u00e1ndalo y la batalla campal que domin\u00f3 el cierre del cl\u00e1sico.<\/p>\n<h2 data-start=\"3336\" data-end=\"3630\">Mir\u00e1 las im\u00e1genes de la batalla campal entre Cruzeiro y Atl\u00e9tico Mineiro<\/h2>\n<div id=\"8196672-820999537_wrap\" class=\"embed_cont type_video\" contenteditable=\"false\">\n<div id=\"8196672-820999537_content\" class=\"embed_content\">\n<div id=\"8196672-820999537_embed\">\n<div id=\"mediaPlayer_8196672-820999537\"><iframe loading=\"lazy\" src=\"https:\/\/www.minutouno.com\/services\/embed.php?idAdjunto=8196672&amp;idAdjuntoTamano=0&amp;width=622&amp;height=351&amp;tipo=video\" width=\"622\" height=\"351\" frameborder=\"0\" scrolling=\"no\" allowfullscreen=\"allowfullscreen\" data-td-src-property=\"https:\/\/www.minutouno.com\/services\/embed.php?idAdjunto=8196672&amp;idAdjuntoTamano=0&amp;width=622&amp;height=351&amp;tipo=video\" data-mce-fragment=\"1\"><\/iframe><\/div>\n<\/div>\n<\/div>\n<div class=\"embed_wrapper-cont\">\n<div id=\"8196672-820999537_epigrafe\" class=\"embed_epigrafe\"><\/div>\n<\/div>\n<\/div>\n<div id=\"8196662-1436688434_wrap\" class=\"embed_cont type_video\" contenteditable=\"false\">\n<div id=\"8196662-1436688434_content\" class=\"embed_content\">\n<div id=\"8196662-1436688434_embed\">\n<div id=\"mediaPlayer_8196662-1436688434\"><iframe loading=\"lazy\" src=\"https:\/\/www.minutouno.com\/services\/embed.php?idAdjunto=8196662&amp;idAdjuntoTamano=0&amp;width=622&amp;height=351&amp;tipo=video\" width=\"622\" height=\"351\" frameborder=\"0\" scrolling=\"no\" allowfullscreen=\"allowfullscreen\" data-td-src-property=\"https:\/\/www.minutouno.com\/services\/embed.php?idAdjunto=8196662&amp;idAdjuntoTamano=0&amp;width=622&amp;height=351&amp;tipo=video\" data-mce-fragment=\"1\"><\/iframe><\/div>\n<\/div>\n<\/div>\n<div class=\"embed_wrapper-cont\">\n<div id=\"8196662-1436688434_epigrafe\" class=\"embed_epigrafe\"><\/div>\n<\/div>\n<\/div>\n<figure id=\"8196669-Libre-866821694_wrap\" class=\"embed_cont type_imagen\" contenteditable=\"false\">\n<div id=\"8196669-Libre-866821694_content\" class=\"embed_content\"><img loading=\"lazy\" decoding=\"async\" id=\"8196669-Libre-866821694_embed\" title=\"\" src=\"https:\/\/media.minutouno.com\/p\/c828477fcc214663d16a5ddda3ac962a\/adjuntos\/150\/imagenes\/043\/218\/0043218702\/610x0\/688x421:708x441\/pelea-cruzeiro-mineiro.jpg\" alt=\"\" width=\"610\" height=\"457\" data-td-src-property=\"https:\/\/media.minutouno.com\/p\/c828477fcc214663d16a5ddda3ac962a\/adjuntos\/150\/imagenes\/043\/218\/0043218702\/610x0\/688x421:708x441\/pelea-cruzeiro-mineiro.jpg\" \/><\/div><figcaption class=\"embed_wrapper-cont\">\n<div id=\"8196669-Libre-866821694_epigrafe\" class=\"embed_epigrafe\"><\/div>\n<\/figcaption><\/figure>\n<div id=\"8196663-1333104152_wrap\" class=\"embed_cont type_video\" contenteditable=\"false\">\n<div id=\"8196663-1333104152_content\" class=\"embed_content\">\n<div id=\"8196663-1333104152_embed\">\n<div id=\"mediaPlayer_8196663-1333104152\"><iframe loading=\"lazy\" src=\"https:\/\/www.minutouno.com\/services\/embed.php?idAdjunto=8196663&amp;idAdjuntoTamano=0&amp;width=622&amp;height=351&amp;tipo=video\" width=\"622\" height=\"351\" frameborder=\"0\" scrolling=\"no\" allowfullscreen=\"allowfullscreen\" data-td-src-property=\"https:\/\/www.minutouno.com\/services\/embed.php?idAdjunto=8196663&amp;idAdjuntoTamano=0&amp;width=622&amp;height=351&amp;tipo=video\" data-mce-fragment=\"1\"><\/iframe><\/div>\n<\/div>\n<\/div>\n<div class=\"embed_wrapper-cont\">\n<div id=\"8196663-1333104152_epigrafe\" class=\"embed_epigrafe\"><\/div>\n<\/div>\n<\/div>\n<figure id=\"8196670-Libre-202260545_wrap\" class=\"embed_cont type_imagen\" contenteditable=\"false\">\n<div id=\"8196670-Libre-202260545_content\" class=\"embed_content\"><img loading=\"lazy\" decoding=\"async\" id=\"8196670-Libre-202260545_embed\" title=\"\" src=\"https:\/\/media.minutouno.com\/p\/a8d1644d718f756738334959adc0df93\/adjuntos\/150\/imagenes\/043\/218\/0043218703\/610x0\/1013x409:1033x429\/pelea-cruzeiro-mineiro.jpg\" alt=\"\" width=\"610\" height=\"457\" data-td-src-property=\"https:\/\/media.minutouno.com\/p\/a8d1644d718f756738334959adc0df93\/adjuntos\/150\/imagenes\/043\/218\/0043218703\/610x0\/1013x409:1033x429\/pelea-cruzeiro-mineiro.jpg\" \/><\/div>\n<\/figure>\n<\/section>\n<\/section>\n<\/section>\n<\/section>\n<\/div>\n","protected":false},"excerpt":{"rendered":"<p>El cl\u00e1sico decisivo del Campeonato Mineiro termin\u00f3 envuelto en un violento enfrentamiento entre jugadores y&#8230;<\/p>\n","protected":false},"author":1,"featured_media":0,"comment_status":"closed","ping_status":"closed","sticky":false,"template":"","format":"standard","meta":{"_jetpack_memberships_contains_paid_content":false,"footnotes":"","jetpack_publicize_message":"","jetpack_publicize_feature_enabled":true,"jetpack_social_post_already_shared":true,"jetpack_social_options":{"image_generator_settings":{"template":"highway","default_image_id":0,"font":"","enabled":false},"version":2}},"categories":[5],"tags":[294,57,293],"class_list":["post-1592","post","type-post","status-publish","format-standard","hentry","category-deporte","tag-atletico-mineiro","tag-brasil","tag-cruzeiro"],"aioseo_notices":[],"jetpack_publicize_connections":[],"jetpack_featured_media_url":"","jetpack_sharing_enabled":true,"_links":{"self":[{"href":"https:\/\/www.noticiasbrown.com\/index.php?rest_route=\/wp\/v2\/posts\/1592","targetHints":{"allow":["GET"]}}],"collection":[{"href":"https:\/\/www.noticiasbrown.com\/index.php?rest_route=\/wp\/v2\/posts"}],"about":[{"href":"https:\/\/www.noticiasbrown.com\/index.php?rest_route=\/wp\/v2\/types\/post"}],"author":[{"embeddable":true,"href":"https:\/\/www.noticiasbrown.com\/index.php?rest_route=\/wp\/v2\/users\/1"}],"replies":[{"embeddable":true,"href":"https:\/\/www.noticiasbrown.com\/index.php?rest_route=%2Fwp%2Fv2%2Fcomments&post=1592"}],"version-history":[{"count":1,"href":"https:\/\/www.noticiasbrown.com\/index.php?rest_route=\/wp\/v2\/posts\/1592\/revisions"}],"predecessor-version":[{"id":1593,"href":"https:\/\/www.noticiasbrown.com\/index.php?rest_route=\/wp\/v2\/posts\/1592\/revisions\/1593"}],"wp:attachment":[{"href":"https:\/\/www.noticiasbrown.com\/index.php?rest_route=%2Fwp%2Fv2%2Fmedia&parent=1592"}],"wp:term":[{"taxonomy":"category","embeddable":true,"href":"https:\/\/www.noticiasbrown.com\/index.php?rest_route=%2Fwp%2Fv2%2Fcategories&post=1592"},{"taxonomy":"post_tag","embeddable":true,"href":"https:\/\/www.noticiasbrown.com\/index.php?rest_route=%2Fwp%2Fv2%2Ftags&post=1592"}],"curies":[{"name":"wp","href":"https:\/\/api.w.org\/{rel}","templated":true}]}}