{"id":1557,"date":"2026-03-06T09:38:40","date_gmt":"2026-03-06T12:38:40","guid":{"rendered":"https:\/\/www.noticiasbrown.com\/?p=1557"},"modified":"2026-03-06T09:38:40","modified_gmt":"2026-03-06T12:38:40","slug":"metrodelgados-liberaran-molinetes-en-la-linea-d-cuando-y-en-que-estacion-lo-haran","status":"publish","type":"post","link":"https:\/\/www.noticiasbrown.com\/?p=1557","title":{"rendered":"Metrodelgados liberar\u00e1n molinetes en la L\u00ednea D: cu\u00e1ndo y en qu\u00e9 estaci\u00f3n lo har\u00e1n"},"content":{"rendered":"<div class=\"detail-header-wrapper\">\n<h3 class=\"ignore-parser\">Araceli Pintos, trabajadora del subte en el sector de limpieza, fue despedida en diciembre luego de denunciar a un efectivo de la Polic\u00eda de la Ciudad por acoso sexual.<\/h3>\n<section class=\"detail-body first-paragraph\">\n<section id=\"note-body\" class=\"body-content note-body content-protected-false\" data-twitter-link=\"https:\/\/twitter.com\/intent\/tweet?url=https:\/\/www.minutouno.com\/c6252891&amp;v\u00eda=Ambitocom&amp;related=MinutoUno&amp;text=\">La Asociaci\u00f3n Gremial de Trabajadores del Subterr\u00e1neo y Premetro (AGTSyP), m\u00e1s conocidos como los metrodelegados, anunci\u00f3 que\u00a0<strong>el pr\u00f3ximo lunes liberar\u00e1 los molinetes de la estaci\u00f3n Congreso de Tucum\u00e1n de la l\u00ednea D del subte<\/strong>\u00a0para reclamar la reincorporaci\u00f3n de\u00a0<strong>Araceli Pintos<\/strong>, una trabajadora que fue despedida en diciembre pasado.<\/p>\n<\/section>\n<\/section>\n<section class=\"detail-body second-paragraph\">\n<section class=\"body-content note-body content-protected-false\"><span id=\"saysCMSEmphasishi85is9fmbo\" class=\"saysCMSEmphasis\">La medida de fuerza comenzar\u00e1 a las 7 de la ma\u00f1ana<\/span>\u00a0y es parte del plan de lucha que los metrodelegados vienen desplegando para que Emova retrotraiga lo que considera un despido injusto. adem\u00e1s forma parte de la jornada de lucha por el 8M, el D\u00eda de la Mujer.<\/p>\n<section class=\"detail-body\">\n<section class=\"body-content note-body content-protected-false\">Es que<span id=\"saysCMSEmphasispzjc1gvpyr\" class=\"saysCMSEmphasis\">\u00a0Pintos fue despedida, seg\u00fan denunciaron los metrodelegados, &#8220;en forma persecutoria, ilegal y discriminatoria despu\u00e9s que denunciara acoso sexual sufrido en su lugar y horario de trabajo de parte de un polic\u00eda de la Ciudad&#8221;.<\/span><\/p>\n<\/section>\n<\/section>\n<section class=\"detail-body\">\n<section class=\"body-content note-body content-protected-false\">\n<figure id=\"7940304-Libre-1718052490_wrap\" class=\"embed_cont type_imagen\" contenteditable=\"false\">\n<div id=\"7940304-Libre-1718052490_content\" class=\"embed_content\"><img loading=\"lazy\" decoding=\"async\" id=\"7940304-Libre-1718052490_embed\" title=\"\" src=\"https:\/\/media.minutouno.com\/p\/ba9c4cdd37127a6516b9aab50581fd5c\/adjuntos\/150\/imagenes\/041\/551\/0041551812\/610x0\/smart\/subtejpg.jpg\" alt=\"\" width=\"610\" height=\"343\" crossorigin=\"anonymous\" \/><\/div><figcaption class=\"embed_wrapper-cont\">\n<div id=\"7940304-Libre-1718052490_epigrafe\" class=\"embed_epigrafe\"><\/div>\n<\/figcaption><\/figure>\n<p>Y advirtieron que &#8220;<span id=\"saysCMSEmphasisxs2k0igz64s\" class=\"saysCMSEmphasis\">continuaremos con esta exigencia hasta conseguir que la empresa Emova desista de su actitud re\u00f1ida con la ley, deje de encubrir al acosador y reintegre a Araceli a su puesto de trabajo.\u00a0<\/span>Continuaremos realizando todas las medida de acci\u00f3n a nuestro alcance para lograr ese objetivo&#8221;.<\/p>\n<\/section>\n<\/section>\n<section class=\"detail-body\">\n<section class=\"body-content note-body content-protected-false\">Seg\u00fan denunciaron, cuando Pintos denunci\u00f3 ante las autoridades de la empresa haber sido v\u00edctima de acoso sexual por parte del efectivo de la Polic\u00eda de la Ciudad, Emova, la empresa concesionaria que opera la red de subte y premetro defendi\u00f3 al acosador, lo dej\u00f3 en su puesto y la traslad\u00f3 a otra l\u00ednea primero.<\/p>\n<\/section>\n<\/section>\n<section class=\"detail-body\">\n<section class=\"body-content note-body content-protected-false\">Luego, denuncian,\u00a0<span id=\"saysCMSEmphasis1o3d1s5qxv6\" class=\"saysCMSEmphasis\">la hostigaron y ejercieron presi\u00f3n sobre ella para que desista de la denuncia por medio de supervisores y finalmente la despidieron en diciembre pasado.<\/span><\/p>\n<p>En di\u00e1logo con\u00a0<em>La Izquierda Diario<\/em>, Pintos asegur\u00f3 denunci\u00f3 el acoso &#8220;al sindicato, ellos hablan con la empresa y la misma les dice que no haga la denuncia, que yo iba a mantener el puesto de trabajo. Seg\u00fan parece ellos ya me quer\u00edan echar por eso, ven que eso es ser una persona conflictiva, o sea que yo haya recibido abuso significa que yo soy conflictiva cuando no lo es. En base a eso me cambian de estaci\u00f3n, luego me cambian de l\u00ednea a la C. Trabajaba muy bien, estaba muy c\u00f3moda con mis compa\u00f1eras. Hasta que un d\u00eda me presento y me dicen ya no perteneces m\u00e1s a la empresa. Yo me segu\u00ed presentando y reci\u00e9n a los cinco d\u00edas me mandaron el telegrama. El polic\u00eda hoy en d\u00eda sigue trabajando ac\u00e1. Tambi\u00e9n acos\u00f3 a una compa\u00f1era de trabajo, ella contin\u00faa trabajando&#8221;.<\/p>\n<\/section>\n<\/section>\n<\/section>\n<\/section>\n<\/div>\n","protected":false},"excerpt":{"rendered":"<p>Araceli Pintos, trabajadora del subte en el sector de limpieza, fue despedida en diciembre luego&#8230;<\/p>\n","protected":false},"author":1,"featured_media":1558,"comment_status":"closed","ping_status":"closed","sticky":false,"template":"","format":"standard","meta":{"_jetpack_memberships_contains_paid_content":false,"footnotes":"","jetpack_publicize_message":"","jetpack_publicize_feature_enabled":true,"jetpack_social_post_already_shared":true,"jetpack_social_options":{"image_generator_settings":{"template":"highway","default_image_id":0,"font":"","enabled":false},"version":2}},"categories":[4],"tags":[285,286,85],"class_list":["post-1557","post","type-post","status-publish","format-standard","has-post-thumbnail","hentry","category-sociedad","tag-acoso-sexual","tag-linea-d","tag-subte"],"aioseo_notices":[],"jetpack_publicize_connections":[],"jetpack_featured_media_url":"https:\/\/www.noticiasbrown.com\/wp-content\/uploads\/2026\/03\/subte-linea-d.webp","jetpack_sharing_enabled":true,"_links":{"self":[{"href":"https:\/\/www.noticiasbrown.com\/index.php?rest_route=\/wp\/v2\/posts\/1557","targetHints":{"allow":["GET"]}}],"collection":[{"href":"https:\/\/www.noticiasbrown.com\/index.php?rest_route=\/wp\/v2\/posts"}],"about":[{"href":"https:\/\/www.noticiasbrown.com\/index.php?rest_route=\/wp\/v2\/types\/post"}],"author":[{"embeddable":true,"href":"https:\/\/www.noticiasbrown.com\/index.php?rest_route=\/wp\/v2\/users\/1"}],"replies":[{"embeddable":true,"href":"https:\/\/www.noticiasbrown.com\/index.php?rest_route=%2Fwp%2Fv2%2Fcomments&post=1557"}],"version-history":[{"count":1,"href":"https:\/\/www.noticiasbrown.com\/index.php?rest_route=\/wp\/v2\/posts\/1557\/revisions"}],"predecessor-version":[{"id":1559,"href":"https:\/\/www.noticiasbrown.com\/index.php?rest_route=\/wp\/v2\/posts\/1557\/revisions\/1559"}],"wp:featuredmedia":[{"embeddable":true,"href":"https:\/\/www.noticiasbrown.com\/index.php?rest_route=\/wp\/v2\/media\/1558"}],"wp:attachment":[{"href":"https:\/\/www.noticiasbrown.com\/index.php?rest_route=%2Fwp%2Fv2%2Fmedia&parent=1557"}],"wp:term":[{"taxonomy":"category","embeddable":true,"href":"https:\/\/www.noticiasbrown.com\/index.php?rest_route=%2Fwp%2Fv2%2Fcategories&post=1557"},{"taxonomy":"post_tag","embeddable":true,"href":"https:\/\/www.noticiasbrown.com\/index.php?rest_route=%2Fwp%2Fv2%2Ftags&post=1557"}],"curies":[{"name":"wp","href":"https:\/\/api.w.org\/{rel}","templated":true}]}}